
{"id":11329,"date":"2025-07-21T18:31:27","date_gmt":"2025-07-21T18:31:27","guid":{"rendered":"https:\/\/asuntosestudiantiles.uc.cl\/?post_type=noticias&#038;p=11329"},"modified":"2025-07-21T18:47:10","modified_gmt":"2025-07-21T18:47:10","slug":"estudiante-uc-elias-ardiles-logra-record-nacional-de-natacion","status":"publish","type":"noticias","link":"https:\/\/asuntosestudiantiles.uc.cl\/en\/noticias\/estudiante-uc-elias-ardiles-logra-record-nacional-de-natacion\/","title":{"rendered":"Estudiante UC El\u00edas Ardiles logra r\u00e9cord nacional de nataci\u00f3n\u00a0"},"content":{"rendered":"\n<h3 class=\"wp-block-heading\">El alumno de Ingenier\u00eda Comercial UC rompi\u00f3 la anterior marca m\u00ednima chilena en la prueba de 50m espalda, haciendo historia en el deporte acu\u00e1tico.&nbsp;&nbsp;<\/h3>\n\n\n\n<figure class=\"wp-block-image size-full\"><img loading=\"lazy\" decoding=\"async\" width=\"1024\" height=\"683\" src=\"https:\/\/asuntosestudiantiles.uc.cl\/wp-content\/uploads\/2025\/07\/52400918111_6c85c9d530_b.jpg\" alt=\"El\u00edas Ardiles r\u00e9cord nacional en 50m espalda\" class=\"wp-image-11331\"\/><\/figure>\n\n\n\n<p>Los <a href=\"https:\/\/rhineruhr2025.com\/en\"><strong>Juegos Mundiales Universitarios Rhine Ruhr 2025<\/strong> <\/a>ser\u00e1n inolvidables para El\u00edas Ardiles. El pasado 20 de julio, el seleccionado nacional de nataci\u00f3n y estudiante UC, logr\u00f3 el<strong> r\u00e9cord nacional absoluto en la prueba de 50m espalda,<\/strong> un hecho que pasar\u00e1 a la historia de su disciplina.<\/p>\n\n\n\n<p>Anteriormente, el ol\u00edmpico Oliver Elliot ostentaba la mejor marca con 26,39s. En el evento realizado en Alemania, Ardiles <strong>cronometr\u00f3 0:26,11s<\/strong> y se posicion\u00f3 en el 21\u00b0 puesto, entre 50 nadadores.\u00a0\u00a0<\/p>\n\n\n\n<p>\u201cMuy contento. La verdad es que es un tiempo que quiz\u00e1s no me estaba esperando. <strong>Me sent\u00ed muy bien en la prueba, muy fuerte.<\/strong> Ven\u00eda hace tiempo pensando en el r\u00e9cord (&#8230;) Agradecido de mis entrenadores, familia y todos los que han sido parte del proceso\u201d, sentenci\u00f3 el nadador.\u00a0<\/p>\n\n\n\n<figure class=\"wp-block-image size-full\"><img loading=\"lazy\" decoding=\"async\" width=\"1024\" height=\"683\" src=\"https:\/\/asuntosestudiantiles.uc.cl\/wp-content\/uploads\/2025\/07\/52400918161_a23365b985_b.jpg\" alt=\"El\u00edas Ardiles, record nacional absoluto en nataci\u00f3n 50m espalda Chile\n\" class=\"wp-image-11335\"\/><\/figure>\n\n\n\n<p>Pero este no fue el \u00fanico logro de El\u00edas en Rhine Ruhr 2025. Adem\u00e1s, consigui\u00f3 sus mejores marcas personales en los 100m espalda, 100m mariposa y 100m libre.\u00a0<\/p>\n\n\n\n<p>El entrenador de la Selecci\u00f3n de Nataci\u00f3n UC, <strong>Claudio Toledo,<\/strong> celebr\u00f3 el logro y destac\u00f3 su importancia para la carrera del atleta. &#8220;Conversamos con Rodrigo Ba\u00f1ados, director t\u00e9cnico Nacional, y creemos que la participaci\u00f3n de El\u00edas <strong>significa una gran motivaci\u00f3n para la pr\u00f3xima competencia representando a Chile: los Juegos Panamericanos Juveniles<\/strong>\u201d, coment\u00f3.\u00a0<\/p>\n\n\n\n<p>As\u00ed, el talentoso deportista UC sigue sumando experiencia en los Juegos Mundiales Universitarios, donde a\u00fan tiene pendiente la prueba de 50m libre. A su vez, con este resultado, El\u00edas confirma que<strong> el deporte y la formaci\u00f3n profesional son compatibles y generan una relaci\u00f3n virtuosa<\/strong> para el desarrollo integral de las personas.\u00a0<\/p>\n\n\n\n<p>Para estar al tanto de todo sobre los Juegos Mundiales Universitarios 2025, sigue a <a href=\"https:\/\/www.instagram.com\/deportesuc?utm_source=ig_web_button_share_sheet&amp;igsh=ZDNlZDc0MzIxNw==\">@deportesuc<\/a>. Encuentra la programaci\u00f3n oficial de las pruebas y los horarios de competencia de nuestros atletas para que apoyes a la UC desde donde est\u00e9s.  <\/p>\n","protected":false},"excerpt":{"rendered":"<p>El alumno de Ingenier\u00eda Comercial UC rompi\u00f3 la anterior marca m\u00ednima chilena en la prueba de 50m espalda, haciendo historia en el deporte acu\u00e1tico.&nbsp;&nbsp; Los Juegos Mundiales Universitarios Rhine Ruhr 2025 ser\u00e1n inolvidables para El\u00edas Ardiles. El pasado 20 de julio, el seleccionado nacional de nataci\u00f3n y estudiante UC, logr\u00f3 el r\u00e9cord nacional absoluto en [&hellip;]<\/p>\n","protected":false},"author":7,"featured_media":11331,"menu_order":0,"comment_status":"closed","ping_status":"open","template":"","format":"standard","meta":{"_acf_changed":false,"footnotes":""},"temas":[4],"class_list":["post-11329","noticias","type-noticias","status-publish","format-standard","has-post-thumbnail","hentry","temas-deportes"],"acf":[],"yoast_head":"<!-- This site is optimized with the Yoast SEO plugin v23.6 - https:\/\/yoast.com\/wordpress\/plugins\/seo\/ -->\n<title>Estudiante UC El\u00edas Ardiles logra r\u00e9cord nacional de nataci\u00f3n\u00a0 - Direcci\u00f3n de Asuntos Estudiantiles<\/title>\n<meta name=\"description\" content=\"Revisa las impresiones de El\u00edas Ardiles tras la obtenci\u00f3n del r\u00e9cord nacional absoluto en la prueba de 50m espalda.\" \/>\n<meta name=\"robots\" content=\"index, follow, max-snippet:-1, max-image-preview:large, max-video-preview:-1\" \/>\n<link rel=\"canonical\" href=\"https:\/\/asuntosestudiantiles.uc.cl\/en\/noticias\/estudiante-uc-elias-ardiles-logra-record-nacional-de-natacion\/\" \/>\n<meta property=\"og:locale\" content=\"en_US\" \/>\n<meta property=\"og:type\" content=\"article\" \/>\n<meta property=\"og:title\" content=\"Estudiante UC El\u00edas Ardiles logra r\u00e9cord nacional de nataci\u00f3n\u00a0 - Direcci\u00f3n de Asuntos Estudiantiles\" \/>\n<meta property=\"og:description\" content=\"Revisa las impresiones de El\u00edas Ardiles tras la obtenci\u00f3n del r\u00e9cord nacional absoluto en la prueba de 50m espalda.\" \/>\n<meta property=\"og:url\" content=\"https:\/\/asuntosestudiantiles.uc.cl\/en\/noticias\/estudiante-uc-elias-ardiles-logra-record-nacional-de-natacion\/\" \/>\n<meta property=\"og:site_name\" content=\"Direcci\u00f3n de Asuntos Estudiantiles\" \/>\n<meta property=\"article:modified_time\" content=\"2025-07-21T18:47:10+00:00\" \/>\n<meta property=\"og:image\" content=\"https:\/\/asuntosestudiantiles.uc.cl\/wp-content\/uploads\/2025\/07\/52400918111_6c85c9d530_b.jpg\" \/>\n\t<meta property=\"og:image:width\" content=\"1024\" \/>\n\t<meta property=\"og:image:height\" content=\"683\" \/>\n\t<meta property=\"og:image:type\" content=\"image\/jpeg\" \/>\n<meta name=\"twitter:card\" content=\"summary_large_image\" \/>\n<meta name=\"twitter:label1\" content=\"Est. reading time\" \/>\n\t<meta name=\"twitter:data1\" content=\"3 minutes\" \/>\n<script type=\"application\/ld+json\" class=\"yoast-schema-graph\">{\"@context\":\"https:\/\/schema.org\",\"@graph\":[{\"@type\":\"WebPage\",\"@id\":\"https:\/\/asuntosestudiantiles.uc.cl\/en\/noticias\/estudiante-uc-elias-ardiles-logra-record-nacional-de-natacion\/\",\"url\":\"https:\/\/asuntosestudiantiles.uc.cl\/en\/noticias\/estudiante-uc-elias-ardiles-logra-record-nacional-de-natacion\/\",\"name\":\"Estudiante UC El\u00edas Ardiles logra r\u00e9cord nacional de nataci\u00f3n\u00a0 - Direcci\u00f3n de Asuntos Estudiantiles\",\"isPartOf\":{\"@id\":\"https:\/\/asuntosestudiantiles.uc.cl\/en\/#website\"},\"primaryImageOfPage\":{\"@id\":\"https:\/\/asuntosestudiantiles.uc.cl\/en\/noticias\/estudiante-uc-elias-ardiles-logra-record-nacional-de-natacion\/#primaryimage\"},\"image\":{\"@id\":\"https:\/\/asuntosestudiantiles.uc.cl\/en\/noticias\/estudiante-uc-elias-ardiles-logra-record-nacional-de-natacion\/#primaryimage\"},\"thumbnailUrl\":\"https:\/\/asuntosestudiantiles.uc.cl\/wp-content\/uploads\/2025\/07\/52400918111_6c85c9d530_b.jpg\",\"datePublished\":\"2025-07-21T18:31:27+00:00\",\"dateModified\":\"2025-07-21T18:47:10+00:00\",\"description\":\"Revisa las impresiones de El\u00edas Ardiles tras la obtenci\u00f3n del r\u00e9cord nacional absoluto en la prueba de 50m espalda.\",\"breadcrumb\":{\"@id\":\"https:\/\/asuntosestudiantiles.uc.cl\/en\/noticias\/estudiante-uc-elias-ardiles-logra-record-nacional-de-natacion\/#breadcrumb\"},\"inLanguage\":\"en-US\",\"potentialAction\":[{\"@type\":\"ReadAction\",\"target\":[\"https:\/\/asuntosestudiantiles.uc.cl\/en\/noticias\/estudiante-uc-elias-ardiles-logra-record-nacional-de-natacion\/\"]}]},{\"@type\":\"ImageObject\",\"inLanguage\":\"en-US\",\"@id\":\"https:\/\/asuntosestudiantiles.uc.cl\/en\/noticias\/estudiante-uc-elias-ardiles-logra-record-nacional-de-natacion\/#primaryimage\",\"url\":\"https:\/\/asuntosestudiantiles.uc.cl\/wp-content\/uploads\/2025\/07\/52400918111_6c85c9d530_b.jpg\",\"contentUrl\":\"https:\/\/asuntosestudiantiles.uc.cl\/wp-content\/uploads\/2025\/07\/52400918111_6c85c9d530_b.jpg\",\"width\":1024,\"height\":683,\"caption\":\"El\u00edas Ardiles r\u00e9cord nacional en 50m espalda\"},{\"@type\":\"BreadcrumbList\",\"@id\":\"https:\/\/asuntosestudiantiles.uc.cl\/en\/noticias\/estudiante-uc-elias-ardiles-logra-record-nacional-de-natacion\/#breadcrumb\",\"itemListElement\":[{\"@type\":\"ListItem\",\"position\":1,\"name\":\"Portada\",\"item\":\"https:\/\/asuntosestudiantiles.uc.cl\/en\/\"},{\"@type\":\"ListItem\",\"position\":2,\"name\":\"Noticias\",\"item\":\"https:\/\/asuntosestudiantiles.uc.cl\/en\/noticias\/\"},{\"@type\":\"ListItem\",\"position\":3,\"name\":\"Estudiante UC El\u00edas Ardiles logra r\u00e9cord nacional de nataci\u00f3n\u00a0\"}]},{\"@type\":\"WebSite\",\"@id\":\"https:\/\/asuntosestudiantiles.uc.cl\/en\/#website\",\"url\":\"https:\/\/asuntosestudiantiles.uc.cl\/en\/\",\"name\":\"Direcci\u00f3n de Asuntos Estudiantiles\",\"description\":\"Vive la UC a trav\u00e9s del deporte, la salud, el bienestar y el desarrollo estudiantil\",\"potentialAction\":[{\"@type\":\"SearchAction\",\"target\":{\"@type\":\"EntryPoint\",\"urlTemplate\":\"https:\/\/asuntosestudiantiles.uc.cl\/en\/?s={search_term_string}\"},\"query-input\":{\"@type\":\"PropertyValueSpecification\",\"valueRequired\":true,\"valueName\":\"search_term_string\"}}],\"inLanguage\":\"en-US\"}]}<\/script>\n<!-- \/ Yoast SEO plugin. -->","yoast_head_json":{"title":"Estudiante UC El\u00edas Ardiles logra r\u00e9cord nacional de nataci\u00f3n\u00a0 - Direcci\u00f3n de Asuntos Estudiantiles","description":"Revisa las impresiones de El\u00edas Ardiles tras la obtenci\u00f3n del r\u00e9cord nacional absoluto en la prueba de 50m espalda.","robots":{"index":"index","follow":"follow","max-snippet":"max-snippet:-1","max-image-preview":"max-image-preview:large","max-video-preview":"max-video-preview:-1"},"canonical":"https:\/\/asuntosestudiantiles.uc.cl\/en\/noticias\/estudiante-uc-elias-ardiles-logra-record-nacional-de-natacion\/","og_locale":"en_US","og_type":"article","og_title":"Estudiante UC El\u00edas Ardiles logra r\u00e9cord nacional de nataci\u00f3n\u00a0 - Direcci\u00f3n de Asuntos Estudiantiles","og_description":"Revisa las impresiones de El\u00edas Ardiles tras la obtenci\u00f3n del r\u00e9cord nacional absoluto en la prueba de 50m espalda.","og_url":"https:\/\/asuntosestudiantiles.uc.cl\/en\/noticias\/estudiante-uc-elias-ardiles-logra-record-nacional-de-natacion\/","og_site_name":"Direcci\u00f3n de Asuntos Estudiantiles","article_modified_time":"2025-07-21T18:47:10+00:00","og_image":[{"width":1024,"height":683,"url":"https:\/\/asuntosestudiantiles.uc.cl\/wp-content\/uploads\/2025\/07\/52400918111_6c85c9d530_b.jpg","type":"image\/jpeg"}],"twitter_card":"summary_large_image","twitter_misc":{"Est. reading time":"3 minutes"},"schema":{"@context":"https:\/\/schema.org","@graph":[{"@type":"WebPage","@id":"https:\/\/asuntosestudiantiles.uc.cl\/en\/noticias\/estudiante-uc-elias-ardiles-logra-record-nacional-de-natacion\/","url":"https:\/\/asuntosestudiantiles.uc.cl\/en\/noticias\/estudiante-uc-elias-ardiles-logra-record-nacional-de-natacion\/","name":"Estudiante UC El\u00edas Ardiles logra r\u00e9cord nacional de nataci\u00f3n\u00a0 - Direcci\u00f3n de Asuntos Estudiantiles","isPartOf":{"@id":"https:\/\/asuntosestudiantiles.uc.cl\/en\/#website"},"primaryImageOfPage":{"@id":"https:\/\/asuntosestudiantiles.uc.cl\/en\/noticias\/estudiante-uc-elias-ardiles-logra-record-nacional-de-natacion\/#primaryimage"},"image":{"@id":"https:\/\/asuntosestudiantiles.uc.cl\/en\/noticias\/estudiante-uc-elias-ardiles-logra-record-nacional-de-natacion\/#primaryimage"},"thumbnailUrl":"https:\/\/asuntosestudiantiles.uc.cl\/wp-content\/uploads\/2025\/07\/52400918111_6c85c9d530_b.jpg","datePublished":"2025-07-21T18:31:27+00:00","dateModified":"2025-07-21T18:47:10+00:00","description":"Revisa las impresiones de El\u00edas Ardiles tras la obtenci\u00f3n del r\u00e9cord nacional absoluto en la prueba de 50m espalda.","breadcrumb":{"@id":"https:\/\/asuntosestudiantiles.uc.cl\/en\/noticias\/estudiante-uc-elias-ardiles-logra-record-nacional-de-natacion\/#breadcrumb"},"inLanguage":"en-US","potentialAction":[{"@type":"ReadAction","target":["https:\/\/asuntosestudiantiles.uc.cl\/en\/noticias\/estudiante-uc-elias-ardiles-logra-record-nacional-de-natacion\/"]}]},{"@type":"ImageObject","inLanguage":"en-US","@id":"https:\/\/asuntosestudiantiles.uc.cl\/en\/noticias\/estudiante-uc-elias-ardiles-logra-record-nacional-de-natacion\/#primaryimage","url":"https:\/\/asuntosestudiantiles.uc.cl\/wp-content\/uploads\/2025\/07\/52400918111_6c85c9d530_b.jpg","contentUrl":"https:\/\/asuntosestudiantiles.uc.cl\/wp-content\/uploads\/2025\/07\/52400918111_6c85c9d530_b.jpg","width":1024,"height":683,"caption":"El\u00edas Ardiles r\u00e9cord nacional en 50m espalda"},{"@type":"BreadcrumbList","@id":"https:\/\/asuntosestudiantiles.uc.cl\/en\/noticias\/estudiante-uc-elias-ardiles-logra-record-nacional-de-natacion\/#breadcrumb","itemListElement":[{"@type":"ListItem","position":1,"name":"Portada","item":"https:\/\/asuntosestudiantiles.uc.cl\/en\/"},{"@type":"ListItem","position":2,"name":"Noticias","item":"https:\/\/asuntosestudiantiles.uc.cl\/en\/noticias\/"},{"@type":"ListItem","position":3,"name":"Estudiante UC El\u00edas Ardiles logra r\u00e9cord nacional de nataci\u00f3n\u00a0"}]},{"@type":"WebSite","@id":"https:\/\/asuntosestudiantiles.uc.cl\/en\/#website","url":"https:\/\/asuntosestudiantiles.uc.cl\/en\/","name":"Direcci\u00f3n de Asuntos Estudiantiles","description":"Vive la UC a trav\u00e9s del deporte, la salud, el bienestar y el desarrollo estudiantil","potentialAction":[{"@type":"SearchAction","target":{"@type":"EntryPoint","urlTemplate":"https:\/\/asuntosestudiantiles.uc.cl\/en\/?s={search_term_string}"},"query-input":{"@type":"PropertyValueSpecification","valueRequired":true,"valueName":"search_term_string"}}],"inLanguage":"en-US"}]}},"_links":{"self":[{"href":"https:\/\/asuntosestudiantiles.uc.cl\/en\/wp-json\/wp\/v2\/noticias\/11329","targetHints":{"allow":["GET"]}}],"collection":[{"href":"https:\/\/asuntosestudiantiles.uc.cl\/en\/wp-json\/wp\/v2\/noticias"}],"about":[{"href":"https:\/\/asuntosestudiantiles.uc.cl\/en\/wp-json\/wp\/v2\/types\/noticias"}],"author":[{"embeddable":true,"href":"https:\/\/asuntosestudiantiles.uc.cl\/en\/wp-json\/wp\/v2\/users\/7"}],"replies":[{"embeddable":true,"href":"https:\/\/asuntosestudiantiles.uc.cl\/en\/wp-json\/wp\/v2\/comments?post=11329"}],"version-history":[{"count":3,"href":"https:\/\/asuntosestudiantiles.uc.cl\/en\/wp-json\/wp\/v2\/noticias\/11329\/revisions"}],"predecessor-version":[{"id":11343,"href":"https:\/\/asuntosestudiantiles.uc.cl\/en\/wp-json\/wp\/v2\/noticias\/11329\/revisions\/11343"}],"wp:featuredmedia":[{"embeddable":true,"href":"https:\/\/asuntosestudiantiles.uc.cl\/en\/wp-json\/wp\/v2\/media\/11331"}],"wp:attachment":[{"href":"https:\/\/asuntosestudiantiles.uc.cl\/en\/wp-json\/wp\/v2\/media?parent=11329"}],"wp:term":[{"taxonomy":"temas","embeddable":true,"href":"https:\/\/asuntosestudiantiles.uc.cl\/en\/wp-json\/wp\/v2\/temas?post=11329"}],"curies":[{"name":"wp","href":"https:\/\/api.w.org\/{rel}","templated":true}]}}