
{"id":12137,"date":"2025-08-21T21:57:52","date_gmt":"2025-08-21T21:57:52","guid":{"rendered":"https:\/\/asuntosestudiantiles.uc.cl\/?post_type=noticias&#038;p=12137"},"modified":"2025-08-21T21:57:59","modified_gmt":"2025-08-21T21:57:59","slug":"celebrando-el-dia-mundial-del-folclor-a-traves-de-la-mirada-de-almas-uc","status":"publish","type":"noticias","link":"https:\/\/asuntosestudiantiles.uc.cl\/en\/noticias\/celebrando-el-dia-mundial-del-folclor-a-traves-de-la-mirada-de-almas-uc\/","title":{"rendered":"Celebrando el D\u00eda Mundial del Folclor a trav\u00e9s de la mirada de Almas UC"},"content":{"rendered":"\n<h3 class=\"wp-block-heading\">La conmemoraci\u00f3n del D\u00eda Internacional del Folclor es una fecha que invita a valorar las tradiciones y la historia de cada pueblo. Desde Almas UC, cuentan c\u00f3mo viven y preservan la cultura chilena a trav\u00e9s de su propuesta art\u00edstica.<\/h3>\n\n\n\n<figure class=\"wp-block-image size-full\"><img loading=\"lazy\" decoding=\"async\" width=\"3072\" height=\"2048\" src=\"https:\/\/asuntosestudiantiles.uc.cl\/wp-content\/uploads\/2025\/08\/54565500529_ae92c433e4_o.jpg\" alt=\"Conjunto Folcl\u00f3rico Almas UC \" class=\"wp-image-12141\"\/><\/figure>\n\n\n\n<p>El folclor es m\u00e1s que m\u00fasica y danza; es una expresi\u00f3n viva de la historia e identidad de un pa\u00eds, y un elemento clave para preservar su cultura. As\u00ed lo entendi\u00f3 la UNESCO que, en 1960, estableci\u00f3 el <strong>22 de agosto como el D\u00eda Mundial del Folclor<\/strong>.<\/p>\n\n\n\n<p><strong>Almas UC es el encargado de mantener vivas estas tradiciones culturales nacionales <\/strong>dentro de la comunidad universitaria. El <a href=\"https:\/\/asuntosestudiantiles.uc.cl\/deportes\/grupos-selectivos-uc\/\">Grupo Selectivo de Deportes UC<\/a>, conformado por estudiantes de distintas carreras, busca estudiar, representar y dar a conocer las tradiciones locales en diferentes espacios.<\/p>\n\n\n\n<h2 class=\"wp-block-heading\"><strong>Una mirada al folclor desde Almas UC<\/strong><\/h2>\n\n\n\n<p>Para los integrantes del conjunto, el folclor tiene un valor que va m\u00e1s all\u00e1 del espect\u00e1culo. Liliana Saba, estudiante de Construcci\u00f3n Civil, comparte que \u201cantes pensaba que era solo aprender pasos y bailar. Despu\u00e9s entend\u00ed que es aprender la cultura de Chile, pero <strong>vivi\u00e9ndola y sinti\u00e9ndola<\/strong>\u201d.<\/p>\n\n\n\n<figure class=\"wp-block-embed is-type-video is-provider-youtube wp-block-embed-youtube wp-embed-aspect-16-9 wp-has-aspect-ratio\"><div class=\"wp-block-embed__wrapper\">\n<iframe loading=\"lazy\" title=\"Almas UC - Conjunto Folclorico Almas UC - Grupo Selectivo Folclor UC\" width=\"640\" height=\"360\" src=\"https:\/\/www.youtube.com\/embed\/qytjjWRUo-U?feature=oembed\" frameborder=\"0\" allow=\"accelerometer; autoplay; clipboard-write; encrypted-media; gyroscope; picture-in-picture; web-share\" referrerpolicy=\"strict-origin-when-cross-origin\" allowfullscreen><\/iframe>\n<\/div><\/figure>\n\n\n\n<p>De manera similar, Miranda Fern\u00e1ndez, estudiante de Pedagog\u00eda General B\u00e1sica destaca que \u201csignifica una posibilidad de<strong> conectar con la historia de nuestro pa\u00eds<\/strong>. Es poder mantener viva la cultura a trav\u00e9s de generaciones, por medio de las tradiciones\u201d.<\/p>\n\n\n\n<p>A trav\u00e9s de ambos testimonios, se entiende que el folclor es m\u00e1s que una pr\u00e1ctica art\u00edstica o recreativa. Para las estudiantes, es  un elemento que las conecta con sus ra\u00edces y con el pa\u00eds. Por ello, el D\u00eda Mundial del Folclor representa un reconocimiento, tambi\u00e9n, al trabajo que realizan con el conjunto.<\/p>\n\n\n\n<h2 class=\"wp-block-heading\"><strong>Las diferencias que nos unen a trav\u00e9s del folclor<\/strong><\/h2>\n\n\n\n<p>Una parte importante del trabajo de Almas UC tiene que ver con acercar las diferentes expresiones culturales estudiadas a la comunidad universitaria. Diego Claro, integrante del conjunto, explica que formar parte del grupo es \u201c<strong>poner en valor la gran diversidad cultural de nuestro pa\u00eds, acerc\u00e1ndose, por ejemplo, a miembros de la comunidad que provienen de fuera de la Regi\u00f3n Metropolitana y haci\u00e9ndolos sentir un poco m\u00e1s cerca de su hogar al interpretar elementos de sus propias culturas<\/strong>\u201d.<\/p>\n\n\n\n<figure class=\"wp-block-image size-large\"><img loading=\"lazy\" decoding=\"async\" width=\"1024\" height=\"683\" src=\"https:\/\/asuntosestudiantiles.uc.cl\/wp-content\/uploads\/2024\/09\/Almas-UC-1024x683.jpg\" alt=\"Grupo Selectivo - Conjunto Folcl\u00f3rico Almas UC\" class=\"wp-image-5871\" srcset=\"https:\/\/asuntosestudiantiles.uc.cl\/wp-content\/uploads\/2024\/09\/Almas-UC-1024x683.jpg 1024w, https:\/\/asuntosestudiantiles.uc.cl\/wp-content\/uploads\/2024\/09\/Almas-UC-300x200.jpg 300w, https:\/\/asuntosestudiantiles.uc.cl\/wp-content\/uploads\/2024\/09\/Almas-UC-768x512.jpg 768w, https:\/\/asuntosestudiantiles.uc.cl\/wp-content\/uploads\/2024\/09\/Almas-UC-1536x1024.jpg 1536w, https:\/\/asuntosestudiantiles.uc.cl\/wp-content\/uploads\/2024\/09\/Almas-UC-2048x1365.jpg 2048w\" sizes=\"auto, (max-width: 1024px) 100vw, 1024px\" \/><\/figure>\n\n\n\n<p>En esa misma l\u00ednea, la directora del conjunto folcl\u00f3rico, Ana Mar\u00eda Mart\u00ednez, subraya la relevancia de que los estudiantes se integren a estos espacios. &#8220;Se dan la oportunidad de aprender, de conocer nuevas expresiones, de <strong>conocer nuestro pa\u00eds y lo distinto que somos a pesar de que vivimos en un mismo territorio llamado Chile<\/strong>\u201d.<\/p>\n\n\n\n<p>Las experiencias de Miranda, Liliana y Diego muestran que el folclor no se limita a un d\u00eda en espec\u00edfico, sino que las tradiciones siguen vivas. En la voz y la danza de sus estudiantes, y su compromiso con Almas UC, las ra\u00edces culturales se mantienen en el tiempo y fortalecen sus lazos con el grupo, con la comunidad y el pa\u00eds.<\/p>\n","protected":false},"excerpt":{"rendered":"<p>La conmemoraci\u00f3n del D\u00eda Internacional del Folclor es una fecha que invita a valorar las tradiciones y la historia de cada pueblo. Desde Almas UC, cuentan c\u00f3mo viven y preservan la cultura chilena a trav\u00e9s de su propuesta art\u00edstica. El folclor es m\u00e1s que m\u00fasica y danza; es una expresi\u00f3n viva de la historia e [&hellip;]<\/p>\n","protected":false},"author":7,"featured_media":12141,"menu_order":0,"comment_status":"closed","ping_status":"open","template":"","format":"standard","meta":{"_acf_changed":false,"footnotes":""},"temas":[4],"class_list":["post-12137","noticias","type-noticias","status-publish","format-standard","has-post-thumbnail","hentry","temas-deportes"],"acf":[],"yoast_head":"<!-- This site is optimized with the Yoast SEO plugin v23.6 - https:\/\/yoast.com\/wordpress\/plugins\/seo\/ -->\n<title>Celebrando el D\u00eda Mundial del Folclor a trav\u00e9s de la mirada de Almas UC - Direcci\u00f3n de Asuntos Estudiantiles<\/title>\n<meta name=\"description\" content=\"Conmemora el D\u00eda Mundial del Folclor y conoce c\u00f3mo se mantiene vivo a trav\u00e9s del Conjunto Folcl\u00f3rico Almas UC.\" \/>\n<meta name=\"robots\" content=\"index, follow, max-snippet:-1, max-image-preview:large, max-video-preview:-1\" \/>\n<link rel=\"canonical\" href=\"https:\/\/asuntosestudiantiles.uc.cl\/en\/noticias\/celebrando-el-dia-mundial-del-folclor-a-traves-de-la-mirada-de-almas-uc\/\" \/>\n<meta property=\"og:locale\" content=\"en_US\" \/>\n<meta property=\"og:type\" content=\"article\" \/>\n<meta property=\"og:title\" content=\"Celebrando el D\u00eda Mundial del Folclor a trav\u00e9s de la mirada de Almas UC - Direcci\u00f3n de Asuntos Estudiantiles\" \/>\n<meta property=\"og:description\" content=\"Conmemora el D\u00eda Mundial del Folclor y conoce c\u00f3mo se mantiene vivo a trav\u00e9s del Conjunto Folcl\u00f3rico Almas UC.\" \/>\n<meta property=\"og:url\" content=\"https:\/\/asuntosestudiantiles.uc.cl\/en\/noticias\/celebrando-el-dia-mundial-del-folclor-a-traves-de-la-mirada-de-almas-uc\/\" \/>\n<meta property=\"og:site_name\" content=\"Direcci\u00f3n de Asuntos Estudiantiles\" \/>\n<meta property=\"article:modified_time\" content=\"2025-08-21T21:57:59+00:00\" \/>\n<meta property=\"og:image\" content=\"https:\/\/asuntosestudiantiles.uc.cl\/wp-content\/uploads\/2025\/08\/54565500529_ae92c433e4_o.jpg\" \/>\n\t<meta property=\"og:image:width\" content=\"640\" \/>\n\t<meta property=\"og:image:height\" content=\"427\" \/>\n\t<meta property=\"og:image:type\" content=\"image\/jpeg\" \/>\n<meta name=\"twitter:card\" content=\"summary_large_image\" \/>\n<meta name=\"twitter:label1\" content=\"Est. reading time\" \/>\n\t<meta name=\"twitter:data1\" content=\"3 minutes\" \/>\n<script type=\"application\/ld+json\" class=\"yoast-schema-graph\">{\"@context\":\"https:\/\/schema.org\",\"@graph\":[{\"@type\":\"WebPage\",\"@id\":\"https:\/\/asuntosestudiantiles.uc.cl\/en\/noticias\/celebrando-el-dia-mundial-del-folclor-a-traves-de-la-mirada-de-almas-uc\/\",\"url\":\"https:\/\/asuntosestudiantiles.uc.cl\/en\/noticias\/celebrando-el-dia-mundial-del-folclor-a-traves-de-la-mirada-de-almas-uc\/\",\"name\":\"Celebrando el D\u00eda Mundial del Folclor a trav\u00e9s de la mirada de Almas UC - Direcci\u00f3n de Asuntos Estudiantiles\",\"isPartOf\":{\"@id\":\"https:\/\/asuntosestudiantiles.uc.cl\/en\/#website\"},\"primaryImageOfPage\":{\"@id\":\"https:\/\/asuntosestudiantiles.uc.cl\/en\/noticias\/celebrando-el-dia-mundial-del-folclor-a-traves-de-la-mirada-de-almas-uc\/#primaryimage\"},\"image\":{\"@id\":\"https:\/\/asuntosestudiantiles.uc.cl\/en\/noticias\/celebrando-el-dia-mundial-del-folclor-a-traves-de-la-mirada-de-almas-uc\/#primaryimage\"},\"thumbnailUrl\":\"https:\/\/asuntosestudiantiles.uc.cl\/wp-content\/uploads\/2025\/08\/54565500529_ae92c433e4_o.jpg\",\"datePublished\":\"2025-08-21T21:57:52+00:00\",\"dateModified\":\"2025-08-21T21:57:59+00:00\",\"description\":\"Conmemora el D\u00eda Mundial del Folclor y conoce c\u00f3mo se mantiene vivo a trav\u00e9s del Conjunto Folcl\u00f3rico Almas UC.\",\"breadcrumb\":{\"@id\":\"https:\/\/asuntosestudiantiles.uc.cl\/en\/noticias\/celebrando-el-dia-mundial-del-folclor-a-traves-de-la-mirada-de-almas-uc\/#breadcrumb\"},\"inLanguage\":\"en-US\",\"potentialAction\":[{\"@type\":\"ReadAction\",\"target\":[\"https:\/\/asuntosestudiantiles.uc.cl\/en\/noticias\/celebrando-el-dia-mundial-del-folclor-a-traves-de-la-mirada-de-almas-uc\/\"]}]},{\"@type\":\"ImageObject\",\"inLanguage\":\"en-US\",\"@id\":\"https:\/\/asuntosestudiantiles.uc.cl\/en\/noticias\/celebrando-el-dia-mundial-del-folclor-a-traves-de-la-mirada-de-almas-uc\/#primaryimage\",\"url\":\"https:\/\/asuntosestudiantiles.uc.cl\/wp-content\/uploads\/2025\/08\/54565500529_ae92c433e4_o.jpg\",\"contentUrl\":\"https:\/\/asuntosestudiantiles.uc.cl\/wp-content\/uploads\/2025\/08\/54565500529_ae92c433e4_o.jpg\",\"width\":3072,\"height\":2048,\"caption\":\"Conjunto Folcl\u00f3rico Almas UC\"},{\"@type\":\"BreadcrumbList\",\"@id\":\"https:\/\/asuntosestudiantiles.uc.cl\/en\/noticias\/celebrando-el-dia-mundial-del-folclor-a-traves-de-la-mirada-de-almas-uc\/#breadcrumb\",\"itemListElement\":[{\"@type\":\"ListItem\",\"position\":1,\"name\":\"Portada\",\"item\":\"https:\/\/asuntosestudiantiles.uc.cl\/en\/\"},{\"@type\":\"ListItem\",\"position\":2,\"name\":\"Noticias\",\"item\":\"https:\/\/asuntosestudiantiles.uc.cl\/en\/noticias\/\"},{\"@type\":\"ListItem\",\"position\":3,\"name\":\"Celebrando el D\u00eda Mundial del Folclor a trav\u00e9s de la mirada de Almas UC\"}]},{\"@type\":\"WebSite\",\"@id\":\"https:\/\/asuntosestudiantiles.uc.cl\/en\/#website\",\"url\":\"https:\/\/asuntosestudiantiles.uc.cl\/en\/\",\"name\":\"Direcci\u00f3n de Asuntos Estudiantiles\",\"description\":\"Vive la UC a trav\u00e9s del deporte, la salud, el bienestar y el desarrollo estudiantil\",\"potentialAction\":[{\"@type\":\"SearchAction\",\"target\":{\"@type\":\"EntryPoint\",\"urlTemplate\":\"https:\/\/asuntosestudiantiles.uc.cl\/en\/?s={search_term_string}\"},\"query-input\":{\"@type\":\"PropertyValueSpecification\",\"valueRequired\":true,\"valueName\":\"search_term_string\"}}],\"inLanguage\":\"en-US\"}]}<\/script>\n<!-- \/ Yoast SEO plugin. -->","yoast_head_json":{"title":"Celebrando el D\u00eda Mundial del Folclor a trav\u00e9s de la mirada de Almas UC - Direcci\u00f3n de Asuntos Estudiantiles","description":"Conmemora el D\u00eda Mundial del Folclor y conoce c\u00f3mo se mantiene vivo a trav\u00e9s del Conjunto Folcl\u00f3rico Almas UC.","robots":{"index":"index","follow":"follow","max-snippet":"max-snippet:-1","max-image-preview":"max-image-preview:large","max-video-preview":"max-video-preview:-1"},"canonical":"https:\/\/asuntosestudiantiles.uc.cl\/en\/noticias\/celebrando-el-dia-mundial-del-folclor-a-traves-de-la-mirada-de-almas-uc\/","og_locale":"en_US","og_type":"article","og_title":"Celebrando el D\u00eda Mundial del Folclor a trav\u00e9s de la mirada de Almas UC - Direcci\u00f3n de Asuntos Estudiantiles","og_description":"Conmemora el D\u00eda Mundial del Folclor y conoce c\u00f3mo se mantiene vivo a trav\u00e9s del Conjunto Folcl\u00f3rico Almas UC.","og_url":"https:\/\/asuntosestudiantiles.uc.cl\/en\/noticias\/celebrando-el-dia-mundial-del-folclor-a-traves-de-la-mirada-de-almas-uc\/","og_site_name":"Direcci\u00f3n de Asuntos Estudiantiles","article_modified_time":"2025-08-21T21:57:59+00:00","og_image":[{"url":"https:\/\/asuntosestudiantiles.uc.cl\/wp-content\/uploads\/2025\/08\/54565500529_ae92c433e4_o.jpg","width":640,"height":427,"type":"image\/jpeg"}],"twitter_card":"summary_large_image","twitter_misc":{"Est. reading time":"3 minutes"},"schema":{"@context":"https:\/\/schema.org","@graph":[{"@type":"WebPage","@id":"https:\/\/asuntosestudiantiles.uc.cl\/en\/noticias\/celebrando-el-dia-mundial-del-folclor-a-traves-de-la-mirada-de-almas-uc\/","url":"https:\/\/asuntosestudiantiles.uc.cl\/en\/noticias\/celebrando-el-dia-mundial-del-folclor-a-traves-de-la-mirada-de-almas-uc\/","name":"Celebrando el D\u00eda Mundial del Folclor a trav\u00e9s de la mirada de Almas UC - Direcci\u00f3n de Asuntos Estudiantiles","isPartOf":{"@id":"https:\/\/asuntosestudiantiles.uc.cl\/en\/#website"},"primaryImageOfPage":{"@id":"https:\/\/asuntosestudiantiles.uc.cl\/en\/noticias\/celebrando-el-dia-mundial-del-folclor-a-traves-de-la-mirada-de-almas-uc\/#primaryimage"},"image":{"@id":"https:\/\/asuntosestudiantiles.uc.cl\/en\/noticias\/celebrando-el-dia-mundial-del-folclor-a-traves-de-la-mirada-de-almas-uc\/#primaryimage"},"thumbnailUrl":"https:\/\/asuntosestudiantiles.uc.cl\/wp-content\/uploads\/2025\/08\/54565500529_ae92c433e4_o.jpg","datePublished":"2025-08-21T21:57:52+00:00","dateModified":"2025-08-21T21:57:59+00:00","description":"Conmemora el D\u00eda Mundial del Folclor y conoce c\u00f3mo se mantiene vivo a trav\u00e9s del Conjunto Folcl\u00f3rico Almas UC.","breadcrumb":{"@id":"https:\/\/asuntosestudiantiles.uc.cl\/en\/noticias\/celebrando-el-dia-mundial-del-folclor-a-traves-de-la-mirada-de-almas-uc\/#breadcrumb"},"inLanguage":"en-US","potentialAction":[{"@type":"ReadAction","target":["https:\/\/asuntosestudiantiles.uc.cl\/en\/noticias\/celebrando-el-dia-mundial-del-folclor-a-traves-de-la-mirada-de-almas-uc\/"]}]},{"@type":"ImageObject","inLanguage":"en-US","@id":"https:\/\/asuntosestudiantiles.uc.cl\/en\/noticias\/celebrando-el-dia-mundial-del-folclor-a-traves-de-la-mirada-de-almas-uc\/#primaryimage","url":"https:\/\/asuntosestudiantiles.uc.cl\/wp-content\/uploads\/2025\/08\/54565500529_ae92c433e4_o.jpg","contentUrl":"https:\/\/asuntosestudiantiles.uc.cl\/wp-content\/uploads\/2025\/08\/54565500529_ae92c433e4_o.jpg","width":3072,"height":2048,"caption":"Conjunto Folcl\u00f3rico Almas UC"},{"@type":"BreadcrumbList","@id":"https:\/\/asuntosestudiantiles.uc.cl\/en\/noticias\/celebrando-el-dia-mundial-del-folclor-a-traves-de-la-mirada-de-almas-uc\/#breadcrumb","itemListElement":[{"@type":"ListItem","position":1,"name":"Portada","item":"https:\/\/asuntosestudiantiles.uc.cl\/en\/"},{"@type":"ListItem","position":2,"name":"Noticias","item":"https:\/\/asuntosestudiantiles.uc.cl\/en\/noticias\/"},{"@type":"ListItem","position":3,"name":"Celebrando el D\u00eda Mundial del Folclor a trav\u00e9s de la mirada de Almas UC"}]},{"@type":"WebSite","@id":"https:\/\/asuntosestudiantiles.uc.cl\/en\/#website","url":"https:\/\/asuntosestudiantiles.uc.cl\/en\/","name":"Direcci\u00f3n de Asuntos Estudiantiles","description":"Vive la UC a trav\u00e9s del deporte, la salud, el bienestar y el desarrollo estudiantil","potentialAction":[{"@type":"SearchAction","target":{"@type":"EntryPoint","urlTemplate":"https:\/\/asuntosestudiantiles.uc.cl\/en\/?s={search_term_string}"},"query-input":{"@type":"PropertyValueSpecification","valueRequired":true,"valueName":"search_term_string"}}],"inLanguage":"en-US"}]}},"_links":{"self":[{"href":"https:\/\/asuntosestudiantiles.uc.cl\/en\/wp-json\/wp\/v2\/noticias\/12137","targetHints":{"allow":["GET"]}}],"collection":[{"href":"https:\/\/asuntosestudiantiles.uc.cl\/en\/wp-json\/wp\/v2\/noticias"}],"about":[{"href":"https:\/\/asuntosestudiantiles.uc.cl\/en\/wp-json\/wp\/v2\/types\/noticias"}],"author":[{"embeddable":true,"href":"https:\/\/asuntosestudiantiles.uc.cl\/en\/wp-json\/wp\/v2\/users\/7"}],"replies":[{"embeddable":true,"href":"https:\/\/asuntosestudiantiles.uc.cl\/en\/wp-json\/wp\/v2\/comments?post=12137"}],"version-history":[{"count":3,"href":"https:\/\/asuntosestudiantiles.uc.cl\/en\/wp-json\/wp\/v2\/noticias\/12137\/revisions"}],"predecessor-version":[{"id":12147,"href":"https:\/\/asuntosestudiantiles.uc.cl\/en\/wp-json\/wp\/v2\/noticias\/12137\/revisions\/12147"}],"wp:featuredmedia":[{"embeddable":true,"href":"https:\/\/asuntosestudiantiles.uc.cl\/en\/wp-json\/wp\/v2\/media\/12141"}],"wp:attachment":[{"href":"https:\/\/asuntosestudiantiles.uc.cl\/en\/wp-json\/wp\/v2\/media?parent=12137"}],"wp:term":[{"taxonomy":"temas","embeddable":true,"href":"https:\/\/asuntosestudiantiles.uc.cl\/en\/wp-json\/wp\/v2\/temas?post=12137"}],"curies":[{"name":"wp","href":"https:\/\/api.w.org\/{rel}","templated":true}]}}