
{"id":12717,"date":"2025-09-10T18:33:33","date_gmt":"2025-09-10T18:33:33","guid":{"rendered":"https:\/\/asuntosestudiantiles.uc.cl\/?post_type=noticias&#038;p=12717"},"modified":"2025-09-11T15:51:58","modified_gmt":"2025-09-11T15:51:58","slug":"fiesta-de-la-chilenidad-2025-la-comunidad-uc-celebro-con-lo-mejor-de-las-tradiciones-nacionales","status":"publish","type":"noticias","link":"https:\/\/asuntosestudiantiles.uc.cl\/en\/noticias\/fiesta-de-la-chilenidad-2025-la-comunidad-uc-celebro-con-lo-mejor-de-las-tradiciones-nacionales\/","title":{"rendered":"Fiesta de la Chilenidad 2025: la Comunidad UC celebr\u00f3 con lo mejor de las tradiciones nacionales"},"content":{"rendered":"\n<h3 class=\"wp-block-heading\">En la antesala de las fiestas patrias, la universidad vivi\u00f3 una nueva edici\u00f3n del evento que festeja y preserva lo mejor de la cultura chilena.<\/h3>\n\n\n\n<figure class=\"wp-block-image size-full\"><img loading=\"lazy\" decoding=\"async\" width=\"900\" height=\"500\" src=\"https:\/\/asuntosestudiantiles.uc.cl\/wp-content\/uploads\/2025\/09\/Plantilla-fotos-interiores-web-11.png\" alt=\"\" class=\"wp-image-12719\" srcset=\"https:\/\/asuntosestudiantiles.uc.cl\/wp-content\/uploads\/2025\/09\/Plantilla-fotos-interiores-web-11.png 900w, https:\/\/asuntosestudiantiles.uc.cl\/wp-content\/uploads\/2025\/09\/Plantilla-fotos-interiores-web-11-300x167.png 300w, https:\/\/asuntosestudiantiles.uc.cl\/wp-content\/uploads\/2025\/09\/Plantilla-fotos-interiores-web-11-768x427.png 768w\" sizes=\"auto, (max-width: 900px) 100vw, 900px\" \/><\/figure>\n\n\n\n<p>Desde mediod\u00eda del martes 9 de septiembre, el Campus San Joaqu\u00edn se transform\u00f3 en un espacio vibrante. La bandera chilena comenz\u00f3 a flamear y las palabras del vicerrector acad\u00e9mico, Mario Ponce, dieron por inaugurada la <strong>Fiesta de la Chilenidad UC 2025<\/strong>.<\/p>\n\n\n\n<p>\u201cLa \u00e9poca del 18 de septiembre para nosotros es un carnaval, es nuestra fiesta chilena. Disfrut\u00e9moslo. Qu\u00e9 bueno que aqu\u00ed en la universidad podamos tener este espacio&#8221;, celebr\u00f3 el ex decano de la Facultad de Matem\u00e1ticas.<\/p>\n\n\n\n<p>Adem\u00e1s, la autoridad universitaria record\u00f3 que: &#8220;el nombre de la universidad es: Universidad Cat\u00f3lica de Chile. Es justamente lo que queremos celebrar (&#8230;) Estamos interesados en que cada cosa que hagamos, sea con la excelencia cl\u00e1sica de la universidad, pero con una vocaci\u00f3n de impacto p\u00fablico. So\u00f1amos con cambiar la sociedad a trav\u00e9s de lo que hacemos. As\u00ed que <strong>celebrar el 18 es celebrar a Chile y es celebrar all\u00ed donde queremos transformar y para lo que nos estamos formando<\/strong>\u201d.<\/p>\n\n\n\n<figure class=\"wp-block-image size-full\"><img loading=\"lazy\" decoding=\"async\" width=\"900\" height=\"670\" src=\"https:\/\/asuntosestudiantiles.uc.cl\/wp-content\/uploads\/2025\/09\/Plantilla-fotos-interiores-web-12.png\" alt=\"\" class=\"wp-image-12727\" srcset=\"https:\/\/asuntosestudiantiles.uc.cl\/wp-content\/uploads\/2025\/09\/Plantilla-fotos-interiores-web-12.png 900w, https:\/\/asuntosestudiantiles.uc.cl\/wp-content\/uploads\/2025\/09\/Plantilla-fotos-interiores-web-12-300x223.png 300w, https:\/\/asuntosestudiantiles.uc.cl\/wp-content\/uploads\/2025\/09\/Plantilla-fotos-interiores-web-12-768x572.png 768w\" sizes=\"auto, (max-width: 900px) 100vw, 900px\" \/><\/figure>\n\n\n\n<p>Con la entonaci\u00f3n del himno nacional y el baile del pie de cueca inaugural, la Comunidad UC comenz\u00f3 oficialmente su celebraci\u00f3n de las Fiestas Patrias. El evento organizado por <a href=\"https:\/\/asuntosestudiantiles.uc.cl\/quienes-somos\/sobre-la-dae\/direccion-de-deportes-uc\/\" target=\"_blank\" rel=\"noreferrer noopener\">DAE-Deportes UC<\/a> busc\u00f3, como cada a\u00f1o, reunir lo mejor de las tradiciones nacionales y celebrar con<strong> juegos t\u00edpicos, comida y m\u00fasica.<\/strong><\/p>\n\n\n\n<h2 class=\"wp-block-heading\"><strong>Mucho ambiente dieciochero en la Fiesta de la Chilenidad 2025<\/strong><\/h2>\n\n\n\n<p>Entre la masiva asistencia estudiantil y el gran entusiasmo por cada actividad de la jornada, la fiesta no pas\u00f3 desapercibida dentro del Campus.<\/p>\n\n\n\n<p>\u201c<strong>Vimos que estaba lleno as\u00ed que nos animamos y vinimos<\/strong>. Me gust\u00f3 el \u00e1nimo de la gente, que todos estaban super motivados\u201d, coment\u00f3 Paula Peso, estudiante de Psicolog\u00eda presente en el evento.<\/p>\n\n\n\n<figure class=\"wp-block-image size-full\"><img loading=\"lazy\" decoding=\"async\" width=\"900\" height=\"670\" src=\"https:\/\/asuntosestudiantiles.uc.cl\/wp-content\/uploads\/2025\/09\/Plantilla-fotos-interiores-web-14.png\" alt=\"\" class=\"wp-image-12731\" srcset=\"https:\/\/asuntosestudiantiles.uc.cl\/wp-content\/uploads\/2025\/09\/Plantilla-fotos-interiores-web-14.png 900w, https:\/\/asuntosestudiantiles.uc.cl\/wp-content\/uploads\/2025\/09\/Plantilla-fotos-interiores-web-14-300x223.png 300w, https:\/\/asuntosestudiantiles.uc.cl\/wp-content\/uploads\/2025\/09\/Plantilla-fotos-interiores-web-14-768x572.png 768w\" sizes=\"auto, (max-width: 900px) 100vw, 900px\" \/><\/figure>\n\n\n\n<p>Y, como no, si hubo actividades para todos los gustos. Los juegos criollos como <strong>tirar la cuerda, el lanzamiento del huevo, la ducha campestre y la carrera de ensacados<\/strong> pusieron a prueba la destreza de las y los participantes, mientras eran animados entre gritos y carcajadas del p\u00fablico. Al mismo tiempo, entre los asistentes se desafiaban en el <strong>emboque, lanzamiento de argollas, la rana, botar tarros, payasos mojados y gatos porfiados<\/strong>, midiendo su punter\u00eda y concentraci\u00f3n. As\u00ed, entre burlas amistosas, cada intento se volv\u00eda divertido y competitivo, generando un ambiente de gran entusiasmo y camarader\u00eda.<\/p>\n\n\n\n<p>Otro de los momentos centrales de la jornada fue el <strong>concurso de cueca<\/strong>. M\u00e1s de diez parejas entusiastas tomaron la iniciativa y compitieron, dej\u00e1ndose llevar por la m\u00fasica y la interpretaci\u00f3n del baile nacional.<\/p>\n\n\n\n<p>En tanto, <strong>Pangui<\/strong>, nuestra querida mascota, recorr\u00eda las canchas animando a los asistentes, posando para fotos y sumando alegr\u00eda a esta instancia. Adem\u00e1s, la actividad cont\u00f3 con una variedad de <strong>comida t\u00edpica chilena<\/strong> que permiti\u00f3 a los asistentes disfrutar de los sabores de nuestra cultura mientras compart\u00edan y conversaban. Incluso, el rector Juan Carlos de la Llera dijo presente en la festividad.<\/p>\n\n\n\n<figure class=\"wp-block-image size-full\"><img loading=\"lazy\" decoding=\"async\" width=\"900\" height=\"670\" src=\"https:\/\/asuntosestudiantiles.uc.cl\/wp-content\/uploads\/2025\/09\/Plantilla-fotos-interiores-web-13.png\" alt=\"\" class=\"wp-image-12735\" srcset=\"https:\/\/asuntosestudiantiles.uc.cl\/wp-content\/uploads\/2025\/09\/Plantilla-fotos-interiores-web-13.png 900w, https:\/\/asuntosestudiantiles.uc.cl\/wp-content\/uploads\/2025\/09\/Plantilla-fotos-interiores-web-13-300x223.png 300w, https:\/\/asuntosestudiantiles.uc.cl\/wp-content\/uploads\/2025\/09\/Plantilla-fotos-interiores-web-13-768x572.png 768w\" sizes=\"auto, (max-width: 900px) 100vw, 900px\" \/><\/figure>\n\n\n\n<p>Tras la actividad, el estudiantado se mostr\u00f3 satisfecho y agradecido del espacio recreativo, en medio de los compromisos universitarios. Renato Villegas, novato de Ped. En Matem\u00e1ticas, destac\u00f3 que: \u201cHay que distraernos un poco de las actividades acad\u00e9micas, de vez en cuando. Este segundo semestre no tenemos todos los ramos juntos (con sus amigos) as\u00ed que<strong> estas instancias nos ayudan a seguir unidos<\/strong>\u201d.&nbsp;<\/p>\n\n\n\n<p>Con todo este panorama, la Fiesta de la Chilenidad 2025 dej\u00f3 recuerdos inolvidables, risas compartidas y el deseo de mantener vivas las tradiciones y cultura chilena dentro y fuera del campus. La jornada fue una muestra de c\u00f3mo la m\u00fasica, los juegos, la gastronom\u00eda y la participaci\u00f3n activa pueden transformar un d\u00eda en un verdadero espacio de encuentro, diversi\u00f3n y celebraci\u00f3n de nuestra cultura.<\/p>\n\n\n\n<ul class=\"wp-block-list\">\n<li>Mira las fotos que dej\u00f3 esta celebraci\u00f3n en nuestra <a href=\"https:\/\/www.flickr.com\/photos\/vivelauc\/albums\/72177720328963787\/\" target=\"_blank\" rel=\"noreferrer noopener\">cuenta de Flickr<\/a>. <\/li>\n<\/ul>\n\n\n\n<p><\/p>\n","protected":false},"excerpt":{"rendered":"<p>En la antesala de las fiestas patrias, la universidad vivi\u00f3 una nueva edici\u00f3n del evento que festeja y preserva lo mejor de la cultura chilena. Desde mediod\u00eda del martes 9 de septiembre, el Campus San Joaqu\u00edn se transform\u00f3 en un espacio vibrante. La bandera chilena comenz\u00f3 a flamear y las palabras del vicerrector acad\u00e9mico, Mario [&hellip;]<\/p>\n","protected":false},"author":7,"featured_media":12723,"menu_order":0,"comment_status":"closed","ping_status":"open","template":"","format":"standard","meta":{"_acf_changed":false,"footnotes":""},"temas":[],"class_list":["post-12717","noticias","type-noticias","status-publish","format-standard","has-post-thumbnail","hentry"],"acf":[],"yoast_head":"<!-- This site is optimized with the Yoast SEO plugin v23.6 - https:\/\/yoast.com\/wordpress\/plugins\/seo\/ -->\n<title>Fiesta de la Chilenidad 2025: la Comunidad UC celebr\u00f3 con lo mejor de las tradiciones nacionales - Direcci\u00f3n de Asuntos Estudiantiles<\/title>\n<meta name=\"description\" content=\"Revisa como se vivi\u00f3 la Fiesta de la Chilenidad 2025 en la UC y cu\u00e1les fueron las actividades realizadas en el Campus San Joaqu\u00edn.\" \/>\n<meta name=\"robots\" content=\"index, follow, max-snippet:-1, max-image-preview:large, max-video-preview:-1\" \/>\n<link rel=\"canonical\" href=\"https:\/\/asuntosestudiantiles.uc.cl\/en\/noticias\/fiesta-de-la-chilenidad-2025-la-comunidad-uc-celebro-con-lo-mejor-de-las-tradiciones-nacionales\/\" \/>\n<meta property=\"og:locale\" content=\"en_US\" \/>\n<meta property=\"og:type\" content=\"article\" \/>\n<meta property=\"og:title\" content=\"Fiesta de la Chilenidad 2025: la Comunidad UC celebr\u00f3 con lo mejor de las tradiciones nacionales - Direcci\u00f3n de Asuntos Estudiantiles\" \/>\n<meta property=\"og:description\" content=\"Revisa como se vivi\u00f3 la Fiesta de la Chilenidad 2025 en la UC y cu\u00e1les fueron las actividades realizadas en el Campus San Joaqu\u00edn.\" \/>\n<meta property=\"og:url\" content=\"https:\/\/asuntosestudiantiles.uc.cl\/en\/noticias\/fiesta-de-la-chilenidad-2025-la-comunidad-uc-celebro-con-lo-mejor-de-las-tradiciones-nacionales\/\" \/>\n<meta property=\"og:site_name\" content=\"Direcci\u00f3n de Asuntos Estudiantiles\" \/>\n<meta property=\"article:modified_time\" content=\"2025-09-11T15:51:58+00:00\" \/>\n<meta property=\"og:image\" content=\"https:\/\/asuntosestudiantiles.uc.cl\/wp-content\/uploads\/2025\/09\/Plantilla-foto-Destacadas-Noticias-y-Noticias-Equipo-DAE-8.jpg\" \/>\n\t<meta property=\"og:image:width\" content=\"380\" \/>\n\t<meta property=\"og:image:height\" content=\"532\" \/>\n\t<meta property=\"og:image:type\" content=\"image\/jpeg\" \/>\n<meta name=\"twitter:card\" content=\"summary_large_image\" \/>\n<meta name=\"twitter:label1\" content=\"Est. reading time\" \/>\n\t<meta name=\"twitter:data1\" content=\"4 minutes\" \/>\n<script type=\"application\/ld+json\" class=\"yoast-schema-graph\">{\"@context\":\"https:\/\/schema.org\",\"@graph\":[{\"@type\":\"WebPage\",\"@id\":\"https:\/\/asuntosestudiantiles.uc.cl\/en\/noticias\/fiesta-de-la-chilenidad-2025-la-comunidad-uc-celebro-con-lo-mejor-de-las-tradiciones-nacionales\/\",\"url\":\"https:\/\/asuntosestudiantiles.uc.cl\/en\/noticias\/fiesta-de-la-chilenidad-2025-la-comunidad-uc-celebro-con-lo-mejor-de-las-tradiciones-nacionales\/\",\"name\":\"Fiesta de la Chilenidad 2025: la Comunidad UC celebr\u00f3 con lo mejor de las tradiciones nacionales - Direcci\u00f3n de Asuntos Estudiantiles\",\"isPartOf\":{\"@id\":\"https:\/\/asuntosestudiantiles.uc.cl\/en\/#website\"},\"primaryImageOfPage\":{\"@id\":\"https:\/\/asuntosestudiantiles.uc.cl\/en\/noticias\/fiesta-de-la-chilenidad-2025-la-comunidad-uc-celebro-con-lo-mejor-de-las-tradiciones-nacionales\/#primaryimage\"},\"image\":{\"@id\":\"https:\/\/asuntosestudiantiles.uc.cl\/en\/noticias\/fiesta-de-la-chilenidad-2025-la-comunidad-uc-celebro-con-lo-mejor-de-las-tradiciones-nacionales\/#primaryimage\"},\"thumbnailUrl\":\"https:\/\/asuntosestudiantiles.uc.cl\/wp-content\/uploads\/2025\/09\/Plantilla-foto-Destacadas-Noticias-y-Noticias-Equipo-DAE-8.jpg\",\"datePublished\":\"2025-09-10T18:33:33+00:00\",\"dateModified\":\"2025-09-11T15:51:58+00:00\",\"description\":\"Revisa como se vivi\u00f3 la Fiesta de la Chilenidad 2025 en la UC y cu\u00e1les fueron las actividades realizadas en el Campus San Joaqu\u00edn.\",\"breadcrumb\":{\"@id\":\"https:\/\/asuntosestudiantiles.uc.cl\/en\/noticias\/fiesta-de-la-chilenidad-2025-la-comunidad-uc-celebro-con-lo-mejor-de-las-tradiciones-nacionales\/#breadcrumb\"},\"inLanguage\":\"en-US\",\"potentialAction\":[{\"@type\":\"ReadAction\",\"target\":[\"https:\/\/asuntosestudiantiles.uc.cl\/en\/noticias\/fiesta-de-la-chilenidad-2025-la-comunidad-uc-celebro-con-lo-mejor-de-las-tradiciones-nacionales\/\"]}]},{\"@type\":\"ImageObject\",\"inLanguage\":\"en-US\",\"@id\":\"https:\/\/asuntosestudiantiles.uc.cl\/en\/noticias\/fiesta-de-la-chilenidad-2025-la-comunidad-uc-celebro-con-lo-mejor-de-las-tradiciones-nacionales\/#primaryimage\",\"url\":\"https:\/\/asuntosestudiantiles.uc.cl\/wp-content\/uploads\/2025\/09\/Plantilla-foto-Destacadas-Noticias-y-Noticias-Equipo-DAE-8.jpg\",\"contentUrl\":\"https:\/\/asuntosestudiantiles.uc.cl\/wp-content\/uploads\/2025\/09\/Plantilla-foto-Destacadas-Noticias-y-Noticias-Equipo-DAE-8.jpg\",\"width\":380,\"height\":532},{\"@type\":\"BreadcrumbList\",\"@id\":\"https:\/\/asuntosestudiantiles.uc.cl\/en\/noticias\/fiesta-de-la-chilenidad-2025-la-comunidad-uc-celebro-con-lo-mejor-de-las-tradiciones-nacionales\/#breadcrumb\",\"itemListElement\":[{\"@type\":\"ListItem\",\"position\":1,\"name\":\"Portada\",\"item\":\"https:\/\/asuntosestudiantiles.uc.cl\/en\/\"},{\"@type\":\"ListItem\",\"position\":2,\"name\":\"Noticias\",\"item\":\"https:\/\/asuntosestudiantiles.uc.cl\/en\/noticias\/\"},{\"@type\":\"ListItem\",\"position\":3,\"name\":\"Fiesta de la Chilenidad 2025: la Comunidad UC celebr\u00f3 con lo mejor de las tradiciones nacionales\"}]},{\"@type\":\"WebSite\",\"@id\":\"https:\/\/asuntosestudiantiles.uc.cl\/en\/#website\",\"url\":\"https:\/\/asuntosestudiantiles.uc.cl\/en\/\",\"name\":\"Direcci\u00f3n de Asuntos Estudiantiles\",\"description\":\"Vive la UC a trav\u00e9s del deporte, la salud, el bienestar y el desarrollo estudiantil\",\"potentialAction\":[{\"@type\":\"SearchAction\",\"target\":{\"@type\":\"EntryPoint\",\"urlTemplate\":\"https:\/\/asuntosestudiantiles.uc.cl\/en\/?s={search_term_string}\"},\"query-input\":{\"@type\":\"PropertyValueSpecification\",\"valueRequired\":true,\"valueName\":\"search_term_string\"}}],\"inLanguage\":\"en-US\"}]}<\/script>\n<!-- \/ Yoast SEO plugin. -->","yoast_head_json":{"title":"Fiesta de la Chilenidad 2025: la Comunidad UC celebr\u00f3 con lo mejor de las tradiciones nacionales - Direcci\u00f3n de Asuntos Estudiantiles","description":"Revisa como se vivi\u00f3 la Fiesta de la Chilenidad 2025 en la UC y cu\u00e1les fueron las actividades realizadas en el Campus San Joaqu\u00edn.","robots":{"index":"index","follow":"follow","max-snippet":"max-snippet:-1","max-image-preview":"max-image-preview:large","max-video-preview":"max-video-preview:-1"},"canonical":"https:\/\/asuntosestudiantiles.uc.cl\/en\/noticias\/fiesta-de-la-chilenidad-2025-la-comunidad-uc-celebro-con-lo-mejor-de-las-tradiciones-nacionales\/","og_locale":"en_US","og_type":"article","og_title":"Fiesta de la Chilenidad 2025: la Comunidad UC celebr\u00f3 con lo mejor de las tradiciones nacionales - Direcci\u00f3n de Asuntos Estudiantiles","og_description":"Revisa como se vivi\u00f3 la Fiesta de la Chilenidad 2025 en la UC y cu\u00e1les fueron las actividades realizadas en el Campus San Joaqu\u00edn.","og_url":"https:\/\/asuntosestudiantiles.uc.cl\/en\/noticias\/fiesta-de-la-chilenidad-2025-la-comunidad-uc-celebro-con-lo-mejor-de-las-tradiciones-nacionales\/","og_site_name":"Direcci\u00f3n de Asuntos Estudiantiles","article_modified_time":"2025-09-11T15:51:58+00:00","og_image":[{"width":380,"height":532,"url":"https:\/\/asuntosestudiantiles.uc.cl\/wp-content\/uploads\/2025\/09\/Plantilla-foto-Destacadas-Noticias-y-Noticias-Equipo-DAE-8.jpg","type":"image\/jpeg"}],"twitter_card":"summary_large_image","twitter_misc":{"Est. reading time":"4 minutes"},"schema":{"@context":"https:\/\/schema.org","@graph":[{"@type":"WebPage","@id":"https:\/\/asuntosestudiantiles.uc.cl\/en\/noticias\/fiesta-de-la-chilenidad-2025-la-comunidad-uc-celebro-con-lo-mejor-de-las-tradiciones-nacionales\/","url":"https:\/\/asuntosestudiantiles.uc.cl\/en\/noticias\/fiesta-de-la-chilenidad-2025-la-comunidad-uc-celebro-con-lo-mejor-de-las-tradiciones-nacionales\/","name":"Fiesta de la Chilenidad 2025: la Comunidad UC celebr\u00f3 con lo mejor de las tradiciones nacionales - Direcci\u00f3n de Asuntos Estudiantiles","isPartOf":{"@id":"https:\/\/asuntosestudiantiles.uc.cl\/en\/#website"},"primaryImageOfPage":{"@id":"https:\/\/asuntosestudiantiles.uc.cl\/en\/noticias\/fiesta-de-la-chilenidad-2025-la-comunidad-uc-celebro-con-lo-mejor-de-las-tradiciones-nacionales\/#primaryimage"},"image":{"@id":"https:\/\/asuntosestudiantiles.uc.cl\/en\/noticias\/fiesta-de-la-chilenidad-2025-la-comunidad-uc-celebro-con-lo-mejor-de-las-tradiciones-nacionales\/#primaryimage"},"thumbnailUrl":"https:\/\/asuntosestudiantiles.uc.cl\/wp-content\/uploads\/2025\/09\/Plantilla-foto-Destacadas-Noticias-y-Noticias-Equipo-DAE-8.jpg","datePublished":"2025-09-10T18:33:33+00:00","dateModified":"2025-09-11T15:51:58+00:00","description":"Revisa como se vivi\u00f3 la Fiesta de la Chilenidad 2025 en la UC y cu\u00e1les fueron las actividades realizadas en el Campus San Joaqu\u00edn.","breadcrumb":{"@id":"https:\/\/asuntosestudiantiles.uc.cl\/en\/noticias\/fiesta-de-la-chilenidad-2025-la-comunidad-uc-celebro-con-lo-mejor-de-las-tradiciones-nacionales\/#breadcrumb"},"inLanguage":"en-US","potentialAction":[{"@type":"ReadAction","target":["https:\/\/asuntosestudiantiles.uc.cl\/en\/noticias\/fiesta-de-la-chilenidad-2025-la-comunidad-uc-celebro-con-lo-mejor-de-las-tradiciones-nacionales\/"]}]},{"@type":"ImageObject","inLanguage":"en-US","@id":"https:\/\/asuntosestudiantiles.uc.cl\/en\/noticias\/fiesta-de-la-chilenidad-2025-la-comunidad-uc-celebro-con-lo-mejor-de-las-tradiciones-nacionales\/#primaryimage","url":"https:\/\/asuntosestudiantiles.uc.cl\/wp-content\/uploads\/2025\/09\/Plantilla-foto-Destacadas-Noticias-y-Noticias-Equipo-DAE-8.jpg","contentUrl":"https:\/\/asuntosestudiantiles.uc.cl\/wp-content\/uploads\/2025\/09\/Plantilla-foto-Destacadas-Noticias-y-Noticias-Equipo-DAE-8.jpg","width":380,"height":532},{"@type":"BreadcrumbList","@id":"https:\/\/asuntosestudiantiles.uc.cl\/en\/noticias\/fiesta-de-la-chilenidad-2025-la-comunidad-uc-celebro-con-lo-mejor-de-las-tradiciones-nacionales\/#breadcrumb","itemListElement":[{"@type":"ListItem","position":1,"name":"Portada","item":"https:\/\/asuntosestudiantiles.uc.cl\/en\/"},{"@type":"ListItem","position":2,"name":"Noticias","item":"https:\/\/asuntosestudiantiles.uc.cl\/en\/noticias\/"},{"@type":"ListItem","position":3,"name":"Fiesta de la Chilenidad 2025: la Comunidad UC celebr\u00f3 con lo mejor de las tradiciones nacionales"}]},{"@type":"WebSite","@id":"https:\/\/asuntosestudiantiles.uc.cl\/en\/#website","url":"https:\/\/asuntosestudiantiles.uc.cl\/en\/","name":"Direcci\u00f3n de Asuntos Estudiantiles","description":"Vive la UC a trav\u00e9s del deporte, la salud, el bienestar y el desarrollo estudiantil","potentialAction":[{"@type":"SearchAction","target":{"@type":"EntryPoint","urlTemplate":"https:\/\/asuntosestudiantiles.uc.cl\/en\/?s={search_term_string}"},"query-input":{"@type":"PropertyValueSpecification","valueRequired":true,"valueName":"search_term_string"}}],"inLanguage":"en-US"}]}},"_links":{"self":[{"href":"https:\/\/asuntosestudiantiles.uc.cl\/en\/wp-json\/wp\/v2\/noticias\/12717","targetHints":{"allow":["GET"]}}],"collection":[{"href":"https:\/\/asuntosestudiantiles.uc.cl\/en\/wp-json\/wp\/v2\/noticias"}],"about":[{"href":"https:\/\/asuntosestudiantiles.uc.cl\/en\/wp-json\/wp\/v2\/types\/noticias"}],"author":[{"embeddable":true,"href":"https:\/\/asuntosestudiantiles.uc.cl\/en\/wp-json\/wp\/v2\/users\/7"}],"replies":[{"embeddable":true,"href":"https:\/\/asuntosestudiantiles.uc.cl\/en\/wp-json\/wp\/v2\/comments?post=12717"}],"version-history":[{"count":3,"href":"https:\/\/asuntosestudiantiles.uc.cl\/en\/wp-json\/wp\/v2\/noticias\/12717\/revisions"}],"predecessor-version":[{"id":12745,"href":"https:\/\/asuntosestudiantiles.uc.cl\/en\/wp-json\/wp\/v2\/noticias\/12717\/revisions\/12745"}],"wp:featuredmedia":[{"embeddable":true,"href":"https:\/\/asuntosestudiantiles.uc.cl\/en\/wp-json\/wp\/v2\/media\/12723"}],"wp:attachment":[{"href":"https:\/\/asuntosestudiantiles.uc.cl\/en\/wp-json\/wp\/v2\/media?parent=12717"}],"wp:term":[{"taxonomy":"temas","embeddable":true,"href":"https:\/\/asuntosestudiantiles.uc.cl\/en\/wp-json\/wp\/v2\/temas?post=12717"}],"curies":[{"name":"wp","href":"https:\/\/api.w.org\/{rel}","templated":true}]}}