
{"id":13347,"date":"2025-10-10T18:38:41","date_gmt":"2025-10-10T18:38:41","guid":{"rendered":"https:\/\/asuntosestudiantiles.uc.cl\/?post_type=noticias&#038;p=13347"},"modified":"2025-10-10T18:53:26","modified_gmt":"2025-10-10T18:53:26","slug":"uc-bicampeon-seleccion-de-atletismo-damas-y-varones-triunfa-en-los-juegos-nacionales-universitarios-2025","status":"publish","type":"noticias","link":"https:\/\/asuntosestudiantiles.uc.cl\/en\/noticias\/uc-bicampeon-seleccion-de-atletismo-damas-y-varones-triunfa-en-los-juegos-nacionales-universitarios-2025\/","title":{"rendered":"UC bicampe\u00f3n: Selecci\u00f3n de Atletismo, damas y varones, triunfa en los Juegos Nacionales Universitarios 2025"},"content":{"rendered":"\n<h3 class=\"wp-block-heading\">Durante dos intensas jornadas de competiciones en el Estadio Nacional, los equipos de damas y varones de Atletismo UC<em> <\/em>lograron obtener el primer lugar en puntuaci\u00f3n acumulada considerando todas las pruebas realizadas, tanto en pruebas individuales como en competencias mixtas.<\/h3>\n\n\n\n<figure class=\"wp-block-image size-full\"><img loading=\"lazy\" decoding=\"async\" width=\"900\" height=\"500\" src=\"https:\/\/asuntosestudiantiles.uc.cl\/wp-content\/uploads\/2025\/10\/2025_jnu_atletismo_interior_1.jpg\" alt=\"Atletismo UC campe\u00f3n\" class=\"wp-image-13361\"\/><figcaption class=\"wp-element-caption\"><em>Integrantes de la Selecci\u00f3n UC de Atletismo, celebrando el bicampeonato<\/em><\/figcaption><\/figure>\n\n\n\n<p>Entre el lunes 6 y martes 7 de octubre, se desarroll\u00f3 la competencia de atletismo de los <strong><a href=\"https:\/\/asuntosestudiantiles.uc.cl\/noticias\/inauguracion-de-los-juegos-nacionales-universitarios-2025\/\">Juegos Nacionales Universitarios 2025<\/a><\/strong>, co-organizados por la UC y la <a href=\"http:\/\/fenaude.ligup.com\/site\/1\/home\">Federaci\u00f3n Nacional Universitaria de Deportes<\/a> (FENAUDE). El evento llen\u00f3 de emoci\u00f3n y adrenalina el Estadio Atl\u00e9tico Mario Record\u00f3n, en el Parque Estadio Nacional.<\/p>\n\n\n\n<p>En este lugar se encontraron cientos de atletas, representando a decenas de casas de estudios y <strong>provenientes de todo el pa\u00eds<\/strong>. Aqu\u00ed, tras haber culminado la \u00faltima prueba del d\u00eda martes, se obtuvo el resultado de puntaje acumulado. La<strong> <a href=\"http:\/\/www.uc.cl\">Pontificia Universidad Cat\u00f3lica de Chile<\/a><\/strong> logr\u00f3 la mayor suma, obteniendo el <strong>t\u00edtulo de campe\u00f3n en damas y varones<\/strong>.&nbsp;<\/p>\n\n\n\n<figure class=\"wp-block-image size-full\"><img loading=\"lazy\" decoding=\"async\" width=\"900\" height=\"500\" src=\"https:\/\/asuntosestudiantiles.uc.cl\/wp-content\/uploads\/2025\/10\/2025_jnu_atletismo_interior_3.jpg\" alt=\"\" class=\"wp-image-13369\"\/><figcaption class=\"wp-element-caption\"><em>Atletas UC junto al director de Deportes UC, Jorge Silva, celebrando el triunfo<\/em><\/figcaption><\/figure>\n\n\n\n<p>\u201c<strong>Estoy muy orgulloso del equipo<\/strong>. La universidad es un muy buen lugar para seguir entrenando y seguir form\u00e1ndose como deportistas. As\u00ed que hago un llamado a que sigan entrenando y <strong>\u00a1m\u00e9tanse a la Cat\u00f3lica!<\/strong>\u201d, expres\u00f3 el Juan Pablo Gelmi, capit\u00e1n del equipo de varones.<\/p>\n\n\n\n<p>En tanto, la capitana del equipo femenino de <a href=\"https:\/\/asuntosestudiantiles.uc.cl\/deportes\/selecciones-uc-en-competencia\/\">Atletismo UC<\/a>, <strong>Josefina Silva<\/strong>, mostr\u00f3 la felicidad del logro obtenido: \u201c<strong>Todas hicieron un trabajo incre\u00edble hasta el \u00faltimo minuto<\/strong>, y logramos traer la copa de nuevo a la casa. Se puede ser deportista y estudiante al mismo tiempo. <strong>La UC te apoya y te da todas las facilidades para en verdad lograr hacerlo<\/strong>, as\u00ed que muchas gracias tambi\u00e9n\u201d.<\/p>\n\n\n\n<figure class=\"wp-block-image size-full\"><img loading=\"lazy\" decoding=\"async\" width=\"900\" height=\"500\" src=\"https:\/\/asuntosestudiantiles.uc.cl\/wp-content\/uploads\/2025\/10\/2025_jnu_atletismo_interior_2.jpg\" alt=\"\" class=\"wp-image-13365\"\/><\/figure>\n\n\n\n<p>Adem\u00e1s de haber obtenido el t\u00edtulo en damas y varones, <strong>nuestra casa de estudios tambi\u00e9n lo hizo en la categor\u00eda mixta<\/strong>.<\/p>\n\n\n\n<p>\u00a1<strong>Felicitaciones a todos nuestros\/as atletas por su gran rendimiento y compromiso<\/strong> a lo largo de todo el a\u00f1o en lo deportivo y acad\u00e9mico!<\/p>\n\n\n\n<ul class=\"wp-block-list\">\n<li>Si quieres revisar el detalle de los <strong>resultados de las competencias<\/strong>, puedes hacerlo en el <strong><a href=\"https:\/\/asuntosestudiantiles.uc.cl\/wp-content\/uploads\/2025\/10\/2025_JNUFenaude_ResultadosAtletismo.pdf\">siguiente documento<\/a><\/strong>. Encontrar\u00e1s el detalle de cada prueba, deportista, tiempos, distancias, puntajes, entre otros.<br><\/li>\n\n\n\n<li>Si deseas ver la programaci\u00f3n, resultados y fotos de los Juegos Nacionales Universitarios, sigue las <strong>redes sociales de <a href=\"http:\/\/www.instagram.comfenauderm\">@fenauderm<\/a> y <a href=\"http:\/\/www.instagram.com\/deportesuc\">@deportesuc<\/a><\/strong>. <br><\/li>\n\n\n\n<li>Asimismo, puedes <strong>ver las competencias en vivo<\/strong> a trav\u00e9s del canal de <strong><a href=\"https:\/\/www.youtube.com\/@FENAUDE-e1n\">YouTube de Fenaude<\/a><\/strong> <br><\/li>\n<\/ul>\n\n\n\n<figure class=\"wp-block-image size-full\"><img loading=\"lazy\" decoding=\"async\" width=\"900\" height=\"500\" src=\"https:\/\/asuntosestudiantiles.uc.cl\/wp-content\/uploads\/2025\/10\/2025_jnu_atletismo_interior_4.jpg\" alt=\"\" class=\"wp-image-13373\"\/><figcaption class=\"wp-element-caption\"><em>El equipo femenino de Atletismo UC tambi\u00e9n se llev\u00f3 la copa del torneo<\/em><\/figcaption><\/figure>\n","protected":false},"excerpt":{"rendered":"<p>Durante dos intensas jornadas de competiciones en el Estadio Nacional, los equipos de damas y varones de Atletismo UC lograron obtener el primer lugar en puntuaci\u00f3n acumulada considerando todas las pruebas realizadas, tanto en pruebas individuales como en competencias mixtas. Entre el lunes 6 y martes 7 de octubre, se desarroll\u00f3 la competencia de atletismo [&hellip;]<\/p>\n","protected":false},"author":5,"featured_media":13377,"menu_order":0,"comment_status":"closed","ping_status":"open","template":"","format":"standard","meta":{"_acf_changed":false,"footnotes":""},"temas":[645,651,4,70,649,647,637,653,39],"class_list":["post-13347","noticias","type-noticias","status-publish","format-standard","has-post-thumbnail","hentry","temas-atletismo","temas-bicampeonato","temas-deportes","temas-fenaude","temas-jnu","temas-juegos-nacionales-universitarios","temas-selecciones-uc","temas-triunfo","temas-uc"],"acf":[],"yoast_head":"<!-- This site is optimized with the Yoast SEO plugin v23.6 - https:\/\/yoast.com\/wordpress\/plugins\/seo\/ -->\n<title>UC bicampe\u00f3n: Selecci\u00f3n de Atletismo, damas y varones, triunfa en los Juegos Nacionales Universitarios 2025 - Direcci\u00f3n de Asuntos Estudiantiles<\/title>\n<meta name=\"description\" content=\"Ent\u00e9rate de todo lo que ocurre en la vida estudiantil de la UC y c\u00f3mo aprovechar al m\u00e1ximo tu experiencia universitaria\" \/>\n<meta name=\"robots\" content=\"index, follow, max-snippet:-1, max-image-preview:large, max-video-preview:-1\" \/>\n<link rel=\"canonical\" href=\"https:\/\/asuntosestudiantiles.uc.cl\/en\/noticias\/uc-bicampeon-seleccion-de-atletismo-damas-y-varones-triunfa-en-los-juegos-nacionales-universitarios-2025\/\" \/>\n<meta property=\"og:locale\" content=\"en_US\" \/>\n<meta property=\"og:type\" content=\"article\" \/>\n<meta property=\"og:title\" content=\"UC bicampe\u00f3n: Selecci\u00f3n de Atletismo, damas y varones, triunfa en los Juegos Nacionales Universitarios 2025 - Direcci\u00f3n de Asuntos Estudiantiles\" \/>\n<meta property=\"og:description\" content=\"Ent\u00e9rate de todo lo que ocurre en la vida estudiantil de la UC y c\u00f3mo aprovechar al m\u00e1ximo tu experiencia universitaria\" \/>\n<meta property=\"og:url\" content=\"https:\/\/asuntosestudiantiles.uc.cl\/en\/noticias\/uc-bicampeon-seleccion-de-atletismo-damas-y-varones-triunfa-en-los-juegos-nacionales-universitarios-2025\/\" \/>\n<meta property=\"og:site_name\" content=\"Direcci\u00f3n de Asuntos Estudiantiles\" \/>\n<meta property=\"article:modified_time\" content=\"2025-10-10T18:53:26+00:00\" \/>\n<meta property=\"og:image\" content=\"https:\/\/asuntosestudiantiles.uc.cl\/wp-content\/uploads\/2025\/10\/2025_jnu_atletismo_destacada.jpg\" \/>\n\t<meta property=\"og:image:width\" content=\"545\" \/>\n\t<meta property=\"og:image:height\" content=\"700\" \/>\n\t<meta property=\"og:image:type\" content=\"image\/jpeg\" \/>\n<meta name=\"twitter:card\" content=\"summary_large_image\" \/>\n<meta name=\"twitter:label1\" content=\"Est. reading time\" \/>\n\t<meta name=\"twitter:data1\" content=\"3 minutes\" \/>\n<script type=\"application\/ld+json\" class=\"yoast-schema-graph\">{\"@context\":\"https:\/\/schema.org\",\"@graph\":[{\"@type\":\"WebPage\",\"@id\":\"https:\/\/asuntosestudiantiles.uc.cl\/en\/noticias\/uc-bicampeon-seleccion-de-atletismo-damas-y-varones-triunfa-en-los-juegos-nacionales-universitarios-2025\/\",\"url\":\"https:\/\/asuntosestudiantiles.uc.cl\/en\/noticias\/uc-bicampeon-seleccion-de-atletismo-damas-y-varones-triunfa-en-los-juegos-nacionales-universitarios-2025\/\",\"name\":\"UC bicampe\u00f3n: Selecci\u00f3n de Atletismo, damas y varones, triunfa en los Juegos Nacionales Universitarios 2025 - Direcci\u00f3n de Asuntos Estudiantiles\",\"isPartOf\":{\"@id\":\"https:\/\/asuntosestudiantiles.uc.cl\/en\/#website\"},\"primaryImageOfPage\":{\"@id\":\"https:\/\/asuntosestudiantiles.uc.cl\/en\/noticias\/uc-bicampeon-seleccion-de-atletismo-damas-y-varones-triunfa-en-los-juegos-nacionales-universitarios-2025\/#primaryimage\"},\"image\":{\"@id\":\"https:\/\/asuntosestudiantiles.uc.cl\/en\/noticias\/uc-bicampeon-seleccion-de-atletismo-damas-y-varones-triunfa-en-los-juegos-nacionales-universitarios-2025\/#primaryimage\"},\"thumbnailUrl\":\"https:\/\/asuntosestudiantiles.uc.cl\/wp-content\/uploads\/2025\/10\/2025_jnu_atletismo_destacada.jpg\",\"datePublished\":\"2025-10-10T18:38:41+00:00\",\"dateModified\":\"2025-10-10T18:53:26+00:00\",\"description\":\"Ent\u00e9rate de todo lo que ocurre en la vida estudiantil de la UC y c\u00f3mo aprovechar al m\u00e1ximo tu experiencia universitaria\",\"breadcrumb\":{\"@id\":\"https:\/\/asuntosestudiantiles.uc.cl\/en\/noticias\/uc-bicampeon-seleccion-de-atletismo-damas-y-varones-triunfa-en-los-juegos-nacionales-universitarios-2025\/#breadcrumb\"},\"inLanguage\":\"en-US\",\"potentialAction\":[{\"@type\":\"ReadAction\",\"target\":[\"https:\/\/asuntosestudiantiles.uc.cl\/en\/noticias\/uc-bicampeon-seleccion-de-atletismo-damas-y-varones-triunfa-en-los-juegos-nacionales-universitarios-2025\/\"]}]},{\"@type\":\"ImageObject\",\"inLanguage\":\"en-US\",\"@id\":\"https:\/\/asuntosestudiantiles.uc.cl\/en\/noticias\/uc-bicampeon-seleccion-de-atletismo-damas-y-varones-triunfa-en-los-juegos-nacionales-universitarios-2025\/#primaryimage\",\"url\":\"https:\/\/asuntosestudiantiles.uc.cl\/wp-content\/uploads\/2025\/10\/2025_jnu_atletismo_destacada.jpg\",\"contentUrl\":\"https:\/\/asuntosestudiantiles.uc.cl\/wp-content\/uploads\/2025\/10\/2025_jnu_atletismo_destacada.jpg\",\"width\":545,\"height\":700},{\"@type\":\"BreadcrumbList\",\"@id\":\"https:\/\/asuntosestudiantiles.uc.cl\/en\/noticias\/uc-bicampeon-seleccion-de-atletismo-damas-y-varones-triunfa-en-los-juegos-nacionales-universitarios-2025\/#breadcrumb\",\"itemListElement\":[{\"@type\":\"ListItem\",\"position\":1,\"name\":\"Portada\",\"item\":\"https:\/\/asuntosestudiantiles.uc.cl\/en\/\"},{\"@type\":\"ListItem\",\"position\":2,\"name\":\"Noticias\",\"item\":\"https:\/\/asuntosestudiantiles.uc.cl\/en\/noticias\/\"},{\"@type\":\"ListItem\",\"position\":3,\"name\":\"UC bicampe\u00f3n: Selecci\u00f3n de Atletismo, damas y varones, triunfa en los Juegos Nacionales Universitarios 2025\"}]},{\"@type\":\"WebSite\",\"@id\":\"https:\/\/asuntosestudiantiles.uc.cl\/en\/#website\",\"url\":\"https:\/\/asuntosestudiantiles.uc.cl\/en\/\",\"name\":\"Direcci\u00f3n de Asuntos Estudiantiles\",\"description\":\"Vive la UC a trav\u00e9s del deporte, la salud, el bienestar y el desarrollo estudiantil\",\"potentialAction\":[{\"@type\":\"SearchAction\",\"target\":{\"@type\":\"EntryPoint\",\"urlTemplate\":\"https:\/\/asuntosestudiantiles.uc.cl\/en\/?s={search_term_string}\"},\"query-input\":{\"@type\":\"PropertyValueSpecification\",\"valueRequired\":true,\"valueName\":\"search_term_string\"}}],\"inLanguage\":\"en-US\"}]}<\/script>\n<!-- \/ Yoast SEO plugin. -->","yoast_head_json":{"title":"UC bicampe\u00f3n: Selecci\u00f3n de Atletismo, damas y varones, triunfa en los Juegos Nacionales Universitarios 2025 - Direcci\u00f3n de Asuntos Estudiantiles","description":"Ent\u00e9rate de todo lo que ocurre en la vida estudiantil de la UC y c\u00f3mo aprovechar al m\u00e1ximo tu experiencia universitaria","robots":{"index":"index","follow":"follow","max-snippet":"max-snippet:-1","max-image-preview":"max-image-preview:large","max-video-preview":"max-video-preview:-1"},"canonical":"https:\/\/asuntosestudiantiles.uc.cl\/en\/noticias\/uc-bicampeon-seleccion-de-atletismo-damas-y-varones-triunfa-en-los-juegos-nacionales-universitarios-2025\/","og_locale":"en_US","og_type":"article","og_title":"UC bicampe\u00f3n: Selecci\u00f3n de Atletismo, damas y varones, triunfa en los Juegos Nacionales Universitarios 2025 - Direcci\u00f3n de Asuntos Estudiantiles","og_description":"Ent\u00e9rate de todo lo que ocurre en la vida estudiantil de la UC y c\u00f3mo aprovechar al m\u00e1ximo tu experiencia universitaria","og_url":"https:\/\/asuntosestudiantiles.uc.cl\/en\/noticias\/uc-bicampeon-seleccion-de-atletismo-damas-y-varones-triunfa-en-los-juegos-nacionales-universitarios-2025\/","og_site_name":"Direcci\u00f3n de Asuntos Estudiantiles","article_modified_time":"2025-10-10T18:53:26+00:00","og_image":[{"width":545,"height":700,"url":"https:\/\/asuntosestudiantiles.uc.cl\/wp-content\/uploads\/2025\/10\/2025_jnu_atletismo_destacada.jpg","type":"image\/jpeg"}],"twitter_card":"summary_large_image","twitter_misc":{"Est. reading time":"3 minutes"},"schema":{"@context":"https:\/\/schema.org","@graph":[{"@type":"WebPage","@id":"https:\/\/asuntosestudiantiles.uc.cl\/en\/noticias\/uc-bicampeon-seleccion-de-atletismo-damas-y-varones-triunfa-en-los-juegos-nacionales-universitarios-2025\/","url":"https:\/\/asuntosestudiantiles.uc.cl\/en\/noticias\/uc-bicampeon-seleccion-de-atletismo-damas-y-varones-triunfa-en-los-juegos-nacionales-universitarios-2025\/","name":"UC bicampe\u00f3n: Selecci\u00f3n de Atletismo, damas y varones, triunfa en los Juegos Nacionales Universitarios 2025 - Direcci\u00f3n de Asuntos Estudiantiles","isPartOf":{"@id":"https:\/\/asuntosestudiantiles.uc.cl\/en\/#website"},"primaryImageOfPage":{"@id":"https:\/\/asuntosestudiantiles.uc.cl\/en\/noticias\/uc-bicampeon-seleccion-de-atletismo-damas-y-varones-triunfa-en-los-juegos-nacionales-universitarios-2025\/#primaryimage"},"image":{"@id":"https:\/\/asuntosestudiantiles.uc.cl\/en\/noticias\/uc-bicampeon-seleccion-de-atletismo-damas-y-varones-triunfa-en-los-juegos-nacionales-universitarios-2025\/#primaryimage"},"thumbnailUrl":"https:\/\/asuntosestudiantiles.uc.cl\/wp-content\/uploads\/2025\/10\/2025_jnu_atletismo_destacada.jpg","datePublished":"2025-10-10T18:38:41+00:00","dateModified":"2025-10-10T18:53:26+00:00","description":"Ent\u00e9rate de todo lo que ocurre en la vida estudiantil de la UC y c\u00f3mo aprovechar al m\u00e1ximo tu experiencia universitaria","breadcrumb":{"@id":"https:\/\/asuntosestudiantiles.uc.cl\/en\/noticias\/uc-bicampeon-seleccion-de-atletismo-damas-y-varones-triunfa-en-los-juegos-nacionales-universitarios-2025\/#breadcrumb"},"inLanguage":"en-US","potentialAction":[{"@type":"ReadAction","target":["https:\/\/asuntosestudiantiles.uc.cl\/en\/noticias\/uc-bicampeon-seleccion-de-atletismo-damas-y-varones-triunfa-en-los-juegos-nacionales-universitarios-2025\/"]}]},{"@type":"ImageObject","inLanguage":"en-US","@id":"https:\/\/asuntosestudiantiles.uc.cl\/en\/noticias\/uc-bicampeon-seleccion-de-atletismo-damas-y-varones-triunfa-en-los-juegos-nacionales-universitarios-2025\/#primaryimage","url":"https:\/\/asuntosestudiantiles.uc.cl\/wp-content\/uploads\/2025\/10\/2025_jnu_atletismo_destacada.jpg","contentUrl":"https:\/\/asuntosestudiantiles.uc.cl\/wp-content\/uploads\/2025\/10\/2025_jnu_atletismo_destacada.jpg","width":545,"height":700},{"@type":"BreadcrumbList","@id":"https:\/\/asuntosestudiantiles.uc.cl\/en\/noticias\/uc-bicampeon-seleccion-de-atletismo-damas-y-varones-triunfa-en-los-juegos-nacionales-universitarios-2025\/#breadcrumb","itemListElement":[{"@type":"ListItem","position":1,"name":"Portada","item":"https:\/\/asuntosestudiantiles.uc.cl\/en\/"},{"@type":"ListItem","position":2,"name":"Noticias","item":"https:\/\/asuntosestudiantiles.uc.cl\/en\/noticias\/"},{"@type":"ListItem","position":3,"name":"UC bicampe\u00f3n: Selecci\u00f3n de Atletismo, damas y varones, triunfa en los Juegos Nacionales Universitarios 2025"}]},{"@type":"WebSite","@id":"https:\/\/asuntosestudiantiles.uc.cl\/en\/#website","url":"https:\/\/asuntosestudiantiles.uc.cl\/en\/","name":"Direcci\u00f3n de Asuntos Estudiantiles","description":"Vive la UC a trav\u00e9s del deporte, la salud, el bienestar y el desarrollo estudiantil","potentialAction":[{"@type":"SearchAction","target":{"@type":"EntryPoint","urlTemplate":"https:\/\/asuntosestudiantiles.uc.cl\/en\/?s={search_term_string}"},"query-input":{"@type":"PropertyValueSpecification","valueRequired":true,"valueName":"search_term_string"}}],"inLanguage":"en-US"}]}},"_links":{"self":[{"href":"https:\/\/asuntosestudiantiles.uc.cl\/en\/wp-json\/wp\/v2\/noticias\/13347","targetHints":{"allow":["GET"]}}],"collection":[{"href":"https:\/\/asuntosestudiantiles.uc.cl\/en\/wp-json\/wp\/v2\/noticias"}],"about":[{"href":"https:\/\/asuntosestudiantiles.uc.cl\/en\/wp-json\/wp\/v2\/types\/noticias"}],"author":[{"embeddable":true,"href":"https:\/\/asuntosestudiantiles.uc.cl\/en\/wp-json\/wp\/v2\/users\/5"}],"replies":[{"embeddable":true,"href":"https:\/\/asuntosestudiantiles.uc.cl\/en\/wp-json\/wp\/v2\/comments?post=13347"}],"version-history":[{"count":7,"href":"https:\/\/asuntosestudiantiles.uc.cl\/en\/wp-json\/wp\/v2\/noticias\/13347\/revisions"}],"predecessor-version":[{"id":13395,"href":"https:\/\/asuntosestudiantiles.uc.cl\/en\/wp-json\/wp\/v2\/noticias\/13347\/revisions\/13395"}],"wp:featuredmedia":[{"embeddable":true,"href":"https:\/\/asuntosestudiantiles.uc.cl\/en\/wp-json\/wp\/v2\/media\/13377"}],"wp:attachment":[{"href":"https:\/\/asuntosestudiantiles.uc.cl\/en\/wp-json\/wp\/v2\/media?parent=13347"}],"wp:term":[{"taxonomy":"temas","embeddable":true,"href":"https:\/\/asuntosestudiantiles.uc.cl\/en\/wp-json\/wp\/v2\/temas?post=13347"}],"curies":[{"name":"wp","href":"https:\/\/api.w.org\/{rel}","templated":true}]}}