
{"id":17805,"date":"2026-04-23T19:44:05","date_gmt":"2026-04-23T19:44:05","guid":{"rendered":"https:\/\/asuntosestudiantiles.uc.cl\/?post_type=noticias&#038;p=17805"},"modified":"2026-04-23T19:50:24","modified_gmt":"2026-04-23T19:50:24","slug":"experiencia-de-la-jefa-del-centro-de-desarrollo-profesional-durante-su-pasantia-en-espana","status":"publish","type":"noticias","link":"https:\/\/asuntosestudiantiles.uc.cl\/en\/noticias\/experiencia-de-la-jefa-del-centro-de-desarrollo-profesional-durante-su-pasantia-en-espana\/","title":{"rendered":"La valiosa experiencia de la Jefa del Centro de Desarrollo Profesional durante su pasant\u00eda en Espa\u00f1a"},"content":{"rendered":"\n<h3 class=\"wp-block-heading\">Sof\u00eda Romero, jefa del Centro de Desarrollo Profesional de la DAE, realiz\u00f3 una pasant\u00eda en Espa\u00f1a, donde realiz\u00f3 visitas a dos universidades en Barcelona, conoci\u00f3 interesantes proyectos, y comparti\u00f3 buenas pr\u00e1cticas que podr\u00e1 aplicar en la UC. Tambi\u00e9n particip\u00f3 en un congreso internacional en la U. de Ja\u00e9n.<\/h3>\n\n\n\n<figure class=\"wp-block-image size-full\"><img loading=\"lazy\" decoding=\"async\" width=\"900\" height=\"500\" src=\"https:\/\/asuntosestudiantiles.uc.cl\/wp-content\/uploads\/2026\/04\/2026_sofia_pasantia_int1.jpg\" alt=\"Sofia pasantia en Espa\u00f1a, 2\" class=\"wp-image-17811\"\/><\/figure>\n\n\n\n<p>Una nutrida y productiva pasant\u00eda profesional por distintas zonas de Espa\u00f1a vivi\u00f3 Sof\u00eda Romero, jefa del Centro de Desarrollo Profesional UC. Gracias a la beca VRE, Sof\u00eda tuvo la oportunidad de realizar, durante la segunda semana de febrero, visitas t\u00e9cnicas a la U. Barcelona y a la U. Aut\u00f3noma de Barcelona, as\u00ed como de participar en un congreso internacional sobre desarrollo profesional, desarrollado en Ja\u00e9n, Andaluc\u00eda.<\/p>\n\n\n\n<p>A trav\u00e9s de estas instancias, Sof\u00eda pudo conocer c\u00f3mo abordan en universidades de otras latitudes las tem\u00e1ticas de desarrollo profesional en contexto universitario, la empleabilidad, el desarrollo profesional y la orientaci\u00f3n en la toma de decisiones.<\/p>\n\n\n\n<h2 class=\"wp-block-heading\">Programas y recursos digitales en la U. Barcelona<\/h2>\n\n\n\n<p>La primera parada fue en la U. de Barcelona. Fundada en el siglo XV, \u00e9sta es la universidad n\u00b0 1 en Espa\u00f1a, cuenta con 45 mil estudiantes, distribuidos en 7 campus y 17 facultades. All\u00ed, Sof\u00eda conoci\u00f3 el trabajo que se realiza en el Servicio de Atenci\u00f3n a Estudiantes, espec\u00edficamente en la Unidad de Orientaci\u00f3n Acad\u00e9mica y Profesional, donde se brindan apoyos tanto en estrategias de estudio como de desarrollo profesional y salida al mundo laboral.<\/p>\n\n\n\n<p>Mediante varias reuniones con la coordinadora de esa \u00e1rea y otros profesionales, Sof\u00eda pudo intercambiar experiencias y profundizar en los programas, servicios y recursos que brindan sus colegas espa\u00f1olas al estudiantado, en materia de orientaci\u00f3n acad\u00e9mica, laboral y en la toma de decisiones. Sof\u00eda explica que el equipo de la U. Barcelona realiza acciones transversales para todos los estudiantes, como asesor\u00edas individuales, espacios de formaci\u00f3n y recursos digitales. Entre ellos, destaca el programa Ori\u00e9ntate en un Click, que ayuda a acceder a ofertas laborales m\u00e1s f\u00e1cilmente y con recursos concretos (cursos, material de autoaprendizaje, etc.).<\/p>\n\n\n\n<figure class=\"wp-block-image size-full\"><img loading=\"lazy\" decoding=\"async\" width=\"900\" height=\"500\" src=\"https:\/\/asuntosestudiantiles.uc.cl\/wp-content\/uploads\/2026\/04\/2026_sofia_pasantia_int4.jpg\" alt=\"Pasantia de Sofia en Espa\u00f1a, U Barcelona\" class=\"wp-image-17819\"\/><\/figure>\n\n\n\n<p>\u201cOri\u00e9ntate en un Click lleva 3 a\u00f1os y su objetivo es dar informaci\u00f3n de buena calidad al estudiantado, confiable. Centralizan la informaci\u00f3n, elaboran material e infograf\u00edas. La idea es que el estudiante tenga informaci\u00f3n de calidad a mano, sobre c\u00f3mo hacer un buen CV o c\u00f3mo enfrentarse a una entrevista. Tambi\u00e9n ofrecen cursos asincr\u00f3nicos y voluntarios, con nombres muy atractivos, como Con\u00f3cete para Decidir, De la Uni al Trabajo, Cocinando el Esp\u00edritu Emprendedor\u201d, detalla Sof\u00eda.<\/p>\n\n\n\n<p>Asimismo, la Unidad de Orientaci\u00f3n Acad\u00e9mica y Profesional tambi\u00e9n brinda servicios customizados por facultad, como el Pasaporte a la Profesi\u00f3n, que ya lleva 10 a\u00f1os de funcionamiento. Consiste en una orientaci\u00f3n y acompa\u00f1amiento desde el primer curso de carrera y se fue implementando por facultad.<\/p>\n\n\n\n<p>Es una hoja de ruta con recomendaciones para construir un buen CV, desarrollar competencias y participar en la vida universitaria. Contempla actividades y 4 talleres con reconocimiento acad\u00e9mico (inmersi\u00f3n universitaria, explora las profesiones, itinerarios hacia la profesi\u00f3n y salto a la profesi\u00f3n).<\/p>\n\n\n\n<figure class=\"wp-block-image size-full\"><img loading=\"lazy\" decoding=\"async\" width=\"900\" height=\"556\" src=\"https:\/\/asuntosestudiantiles.uc.cl\/wp-content\/uploads\/2026\/04\/2026_sofia_pasantia_int5.jpg\" alt=\"Sofia pasant\u00eda en Espa\u00f1a. U Autonoma de Barcelona\" class=\"wp-image-17823\"\/><\/figure>\n\n\n\n<h2 class=\"wp-block-heading\">Virtudes de Nexus, en U. Aut\u00f3noma de Barcelona<\/h2>\n\n\n\n<p>En su recorrido por Catalunya, Sof\u00eda tambi\u00e9n visit\u00f3 la U. Aut\u00f3noma de Barcelona, 2\u00b0 mejor universidad de Espa\u00f1a, que cuenta con m\u00e1s de 37 mil estudiantes y cuya tasa de ocupaci\u00f3n alcanza el 90%. Sof\u00eda sostuvo varios encuentros con profesionales de la Unidad de Orientaci\u00f3n, Pr\u00e1cticas e Inserci\u00f3n Laboral, que tienen una tradici\u00f3n de 37 a\u00f1os. Lo que m\u00e1s cautiv\u00f3 a la jefa del CDP fue el sistema centralizado que tienen en la UAB para que los\/as estudiantes accedan a los servicios del \u00e1rea y tambi\u00e9n para postular a pr\u00e1cticas y empleos extra-curriculares, todo lo cual se realiza mediante Nexus, una plataforma digital de gesti\u00f3n de ofertas laborales y servicios. Esta aplicaci\u00f3n est\u00e1 alojada en la web de la universidad.<\/p>\n\n\n\n<p>\u201cPero no es solo de ofertas laborales y pr\u00e1cticas, sino que todo estudiante que pasa por los servicios de ocupabilidad tiene que registrarse, est\u00e1 todo muy centralizado, est\u00e1 toda la informaci\u00f3n conectada. Dicen que es la segunda v\u00eda de inserci\u00f3n laboral. Estudiante que pasa por un trabajo o pr\u00e1ctica buscada mediante Nexus, queda despu\u00e9s. Es una inversi\u00f3n para la instituci\u00f3n que recibe al estudiante\u201d, destaca Sof\u00eda Romero.<\/p>\n\n\n\n<p>En estas reuniones, Sof\u00eda tambi\u00e9n abord\u00f3 las asesor\u00edas que sus colegas de la UAB realizan, cuya gesti\u00f3n tambi\u00e9n se hace mediante Nexus. \u201cEl estudiante que solicita una asesor\u00eda debe hacerlo registrarse en Nexus, completar una peque\u00f1a encuesta, hacer unos pre-tests sobre competencias e indicar sus temas de inter\u00e9s. Y luego de realizada la asesor\u00eda, las profesionales elaboran informes detallados de cada estudiante\u201d, comenta.<\/p>\n\n\n\n<figure class=\"wp-block-image size-full\"><img loading=\"lazy\" decoding=\"async\" width=\"900\" height=\"500\" src=\"https:\/\/asuntosestudiantiles.uc.cl\/wp-content\/uploads\/2026\/04\/2026_sofia_pasantia_int3.jpg\" alt=\"Sofia Romero pasantia en Espa\u00f1a, 1\" class=\"wp-image-17807\"\/><\/figure>\n\n\n\n<h2 class=\"wp-block-heading\">Mostrando al mundo el modelo de trabajo del CDP<\/h2>\n\n\n\n<p>La orientaci\u00f3n educativa ante los desaf\u00edos de la educaci\u00f3n actual es el slogan del II Congreso Internacional de Orientaci\u00f3n a lo Largo de la Vida, que se realiz\u00f3 en la U. de Ja\u00e9n, y en el cual particip\u00f3 Sof\u00eda Romero en febrero. En la instancia, la jefa del CDP no s\u00f3lo asisti\u00f3 a charlas, presentaciones y espacios de networking con otras universidades de distintas latitudes, sino que tambi\u00e9n present\u00f3 la ponencia Modelo de Trabajo del Centro de Desarrollo Profesional UC. Al respecto, dio cuenta del prop\u00f3sito del centro, los hitos en sus 20 a\u00f1os, los servicios que brinda y algunos de sus principales programas, como las Mentor\u00edas Laborales.<\/p>\n\n\n\n<p>Sobre esta instancia de formaci\u00f3n, Sof\u00eda destaca: \u201cDel congreso, me quedo con la importancia del orientador, la capacitaci\u00f3n y el cuidado de esta figura. T\u00fa debes estar bien para poder entregar respuestas asertivas y emp\u00e1ticas a un estudiantado que es cada vez m\u00e1s diverso\u201d.<\/p>\n\n\n\n<p>Sof\u00eda sostiene que el rol del orientador fue el tema central del congreso. Tambi\u00e9n se habl\u00f3 del nuevo perfil de estudiante, habilidades del siglo XXI y las experiencias internacionales de orientaci\u00f3n profesional. Sobre esto \u00faltimo, concluye que \u201clos modelos m\u00e1s exitosos son aquellos que combinan de mejor manera lo acad\u00e9mico con el acercamiento al mundo laboral, es decir los esfuerzos para que los estudiantes tengan, desde tempranas etapas de su vida universitaria, un acercamiento real a los trabajos\u201d. &nbsp;<\/p>\n\n\n\n<figure class=\"wp-block-image size-full\"><img loading=\"lazy\" decoding=\"async\" width=\"900\" height=\"500\" src=\"https:\/\/asuntosestudiantiles.uc.cl\/wp-content\/uploads\/2026\/04\/2026_sofia_pasantia_int2.jpg\" alt=\"Sofia pasant\u00eda en Espa\u00f1a, congreso en Jaen\" class=\"wp-image-17815\"\/><\/figure>\n\n\n\n<hr class=\"wp-block-separator has-alpha-channel-opacity\"\/>\n\n\n\n<ul class=\"wp-block-list\">\n<li>Conoce m\u00e1s sobre lo que realiza el Centro de Desarrollo Profesional, de la DAE.<\/li>\n<\/ul>\n\n\n\n<ul class=\"wp-block-list\">\n<li>Recuerda seguirnos en Instagram: @vivela_uc y @desarrolloestudiantiluc<\/li>\n<\/ul>\n\n\n\n<p><\/p>\n","protected":false},"excerpt":{"rendered":"<p>Sof\u00eda Romero, jefa del Centro de Desarrollo Profesional de la DAE, realiz\u00f3 una pasant\u00eda en Espa\u00f1a, donde realiz\u00f3 visitas a dos universidades en Barcelona, conoci\u00f3 interesantes proyectos, y comparti\u00f3 buenas pr\u00e1cticas que podr\u00e1 aplicar en la UC. Tambi\u00e9n particip\u00f3 en un congreso internacional en la U. de Ja\u00e9n. Una nutrida y productiva pasant\u00eda profesional por [&hellip;]<\/p>\n","protected":false},"author":5,"featured_media":17827,"menu_order":0,"comment_status":"closed","ping_status":"open","template":"","format":"standard","meta":{"_acf_changed":false,"footnotes":""},"temas":[453],"class_list":["post-17805","noticias","type-noticias","status-publish","format-standard","has-post-thumbnail","hentry","temas-desarrollo-profesional"],"acf":[],"yoast_head":"<!-- This site is optimized with the Yoast SEO plugin v23.6 - https:\/\/yoast.com\/wordpress\/plugins\/seo\/ -->\n<title>La valiosa experiencia de la Jefa del Centro de Desarrollo Profesional durante su pasant\u00eda en Espa\u00f1a - Direcci\u00f3n de Asuntos Estudiantiles<\/title>\n<meta name=\"description\" content=\"Ent\u00e9rate de todo lo que ocurre en la vida estudiantil de la UC y c\u00f3mo aprovechar al m\u00e1ximo tu experiencia universitaria\" \/>\n<meta name=\"robots\" content=\"index, follow, max-snippet:-1, max-image-preview:large, max-video-preview:-1\" \/>\n<link rel=\"canonical\" href=\"https:\/\/asuntosestudiantiles.uc.cl\/en\/noticias\/experiencia-de-la-jefa-del-centro-de-desarrollo-profesional-durante-su-pasantia-en-espana\/\" \/>\n<meta property=\"og:locale\" content=\"en_US\" \/>\n<meta property=\"og:type\" content=\"article\" \/>\n<meta property=\"og:title\" content=\"La valiosa experiencia de la Jefa del Centro de Desarrollo Profesional durante su pasant\u00eda en Espa\u00f1a - Direcci\u00f3n de Asuntos Estudiantiles\" \/>\n<meta property=\"og:description\" content=\"Ent\u00e9rate de todo lo que ocurre en la vida estudiantil de la UC y c\u00f3mo aprovechar al m\u00e1ximo tu experiencia universitaria\" \/>\n<meta property=\"og:url\" content=\"https:\/\/asuntosestudiantiles.uc.cl\/en\/noticias\/experiencia-de-la-jefa-del-centro-de-desarrollo-profesional-durante-su-pasantia-en-espana\/\" \/>\n<meta property=\"og:site_name\" content=\"Direcci\u00f3n de Asuntos Estudiantiles\" \/>\n<meta property=\"article:modified_time\" content=\"2026-04-23T19:50:24+00:00\" \/>\n<meta property=\"og:image\" content=\"https:\/\/asuntosestudiantiles.uc.cl\/wp-content\/uploads\/2026\/04\/2026_sofia_pasantia_destacada.jpg\" \/>\n\t<meta property=\"og:image:width\" content=\"545\" \/>\n\t<meta property=\"og:image:height\" content=\"700\" \/>\n\t<meta property=\"og:image:type\" content=\"image\/jpeg\" \/>\n<meta name=\"twitter:card\" content=\"summary_large_image\" \/>\n<meta name=\"twitter:label1\" content=\"Est. reading time\" \/>\n\t<meta name=\"twitter:data1\" content=\"6 minutes\" \/>\n<script type=\"application\/ld+json\" class=\"yoast-schema-graph\">{\"@context\":\"https:\/\/schema.org\",\"@graph\":[{\"@type\":\"WebPage\",\"@id\":\"https:\/\/asuntosestudiantiles.uc.cl\/en\/noticias\/experiencia-de-la-jefa-del-centro-de-desarrollo-profesional-durante-su-pasantia-en-espana\/\",\"url\":\"https:\/\/asuntosestudiantiles.uc.cl\/en\/noticias\/experiencia-de-la-jefa-del-centro-de-desarrollo-profesional-durante-su-pasantia-en-espana\/\",\"name\":\"La valiosa experiencia de la Jefa del Centro de Desarrollo Profesional durante su pasant\u00eda en Espa\u00f1a - Direcci\u00f3n de Asuntos Estudiantiles\",\"isPartOf\":{\"@id\":\"https:\/\/asuntosestudiantiles.uc.cl\/en\/#website\"},\"primaryImageOfPage\":{\"@id\":\"https:\/\/asuntosestudiantiles.uc.cl\/en\/noticias\/experiencia-de-la-jefa-del-centro-de-desarrollo-profesional-durante-su-pasantia-en-espana\/#primaryimage\"},\"image\":{\"@id\":\"https:\/\/asuntosestudiantiles.uc.cl\/en\/noticias\/experiencia-de-la-jefa-del-centro-de-desarrollo-profesional-durante-su-pasantia-en-espana\/#primaryimage\"},\"thumbnailUrl\":\"https:\/\/asuntosestudiantiles.uc.cl\/wp-content\/uploads\/2026\/04\/2026_sofia_pasantia_destacada.jpg\",\"datePublished\":\"2026-04-23T19:44:05+00:00\",\"dateModified\":\"2026-04-23T19:50:24+00:00\",\"description\":\"Ent\u00e9rate de todo lo que ocurre en la vida estudiantil de la UC y c\u00f3mo aprovechar al m\u00e1ximo tu experiencia universitaria\",\"breadcrumb\":{\"@id\":\"https:\/\/asuntosestudiantiles.uc.cl\/en\/noticias\/experiencia-de-la-jefa-del-centro-de-desarrollo-profesional-durante-su-pasantia-en-espana\/#breadcrumb\"},\"inLanguage\":\"en-US\",\"potentialAction\":[{\"@type\":\"ReadAction\",\"target\":[\"https:\/\/asuntosestudiantiles.uc.cl\/en\/noticias\/experiencia-de-la-jefa-del-centro-de-desarrollo-profesional-durante-su-pasantia-en-espana\/\"]}]},{\"@type\":\"ImageObject\",\"inLanguage\":\"en-US\",\"@id\":\"https:\/\/asuntosestudiantiles.uc.cl\/en\/noticias\/experiencia-de-la-jefa-del-centro-de-desarrollo-profesional-durante-su-pasantia-en-espana\/#primaryimage\",\"url\":\"https:\/\/asuntosestudiantiles.uc.cl\/wp-content\/uploads\/2026\/04\/2026_sofia_pasantia_destacada.jpg\",\"contentUrl\":\"https:\/\/asuntosestudiantiles.uc.cl\/wp-content\/uploads\/2026\/04\/2026_sofia_pasantia_destacada.jpg\",\"width\":545,\"height\":700,\"caption\":\"Sofia, pasant\u00eda en Espa\u00f1a\"},{\"@type\":\"BreadcrumbList\",\"@id\":\"https:\/\/asuntosestudiantiles.uc.cl\/en\/noticias\/experiencia-de-la-jefa-del-centro-de-desarrollo-profesional-durante-su-pasantia-en-espana\/#breadcrumb\",\"itemListElement\":[{\"@type\":\"ListItem\",\"position\":1,\"name\":\"Portada\",\"item\":\"https:\/\/asuntosestudiantiles.uc.cl\/en\/\"},{\"@type\":\"ListItem\",\"position\":2,\"name\":\"Noticias\",\"item\":\"https:\/\/asuntosestudiantiles.uc.cl\/en\/noticias\/\"},{\"@type\":\"ListItem\",\"position\":3,\"name\":\"La valiosa experiencia de la Jefa del Centro de Desarrollo Profesional durante su pasant\u00eda en Espa\u00f1a\"}]},{\"@type\":\"WebSite\",\"@id\":\"https:\/\/asuntosestudiantiles.uc.cl\/en\/#website\",\"url\":\"https:\/\/asuntosestudiantiles.uc.cl\/en\/\",\"name\":\"Direcci\u00f3n de Asuntos Estudiantiles\",\"description\":\"Vive la UC a trav\u00e9s del deporte, la salud, el bienestar y el desarrollo estudiantil\",\"potentialAction\":[{\"@type\":\"SearchAction\",\"target\":{\"@type\":\"EntryPoint\",\"urlTemplate\":\"https:\/\/asuntosestudiantiles.uc.cl\/en\/?s={search_term_string}\"},\"query-input\":{\"@type\":\"PropertyValueSpecification\",\"valueRequired\":true,\"valueName\":\"search_term_string\"}}],\"inLanguage\":\"en-US\"}]}<\/script>\n<!-- \/ Yoast SEO plugin. -->","yoast_head_json":{"title":"La valiosa experiencia de la Jefa del Centro de Desarrollo Profesional durante su pasant\u00eda en Espa\u00f1a - Direcci\u00f3n de Asuntos Estudiantiles","description":"Ent\u00e9rate de todo lo que ocurre en la vida estudiantil de la UC y c\u00f3mo aprovechar al m\u00e1ximo tu experiencia universitaria","robots":{"index":"index","follow":"follow","max-snippet":"max-snippet:-1","max-image-preview":"max-image-preview:large","max-video-preview":"max-video-preview:-1"},"canonical":"https:\/\/asuntosestudiantiles.uc.cl\/en\/noticias\/experiencia-de-la-jefa-del-centro-de-desarrollo-profesional-durante-su-pasantia-en-espana\/","og_locale":"en_US","og_type":"article","og_title":"La valiosa experiencia de la Jefa del Centro de Desarrollo Profesional durante su pasant\u00eda en Espa\u00f1a - Direcci\u00f3n de Asuntos Estudiantiles","og_description":"Ent\u00e9rate de todo lo que ocurre en la vida estudiantil de la UC y c\u00f3mo aprovechar al m\u00e1ximo tu experiencia universitaria","og_url":"https:\/\/asuntosestudiantiles.uc.cl\/en\/noticias\/experiencia-de-la-jefa-del-centro-de-desarrollo-profesional-durante-su-pasantia-en-espana\/","og_site_name":"Direcci\u00f3n de Asuntos Estudiantiles","article_modified_time":"2026-04-23T19:50:24+00:00","og_image":[{"width":545,"height":700,"url":"https:\/\/asuntosestudiantiles.uc.cl\/wp-content\/uploads\/2026\/04\/2026_sofia_pasantia_destacada.jpg","type":"image\/jpeg"}],"twitter_card":"summary_large_image","twitter_misc":{"Est. reading time":"6 minutes"},"schema":{"@context":"https:\/\/schema.org","@graph":[{"@type":"WebPage","@id":"https:\/\/asuntosestudiantiles.uc.cl\/en\/noticias\/experiencia-de-la-jefa-del-centro-de-desarrollo-profesional-durante-su-pasantia-en-espana\/","url":"https:\/\/asuntosestudiantiles.uc.cl\/en\/noticias\/experiencia-de-la-jefa-del-centro-de-desarrollo-profesional-durante-su-pasantia-en-espana\/","name":"La valiosa experiencia de la Jefa del Centro de Desarrollo Profesional durante su pasant\u00eda en Espa\u00f1a - Direcci\u00f3n de Asuntos Estudiantiles","isPartOf":{"@id":"https:\/\/asuntosestudiantiles.uc.cl\/en\/#website"},"primaryImageOfPage":{"@id":"https:\/\/asuntosestudiantiles.uc.cl\/en\/noticias\/experiencia-de-la-jefa-del-centro-de-desarrollo-profesional-durante-su-pasantia-en-espana\/#primaryimage"},"image":{"@id":"https:\/\/asuntosestudiantiles.uc.cl\/en\/noticias\/experiencia-de-la-jefa-del-centro-de-desarrollo-profesional-durante-su-pasantia-en-espana\/#primaryimage"},"thumbnailUrl":"https:\/\/asuntosestudiantiles.uc.cl\/wp-content\/uploads\/2026\/04\/2026_sofia_pasantia_destacada.jpg","datePublished":"2026-04-23T19:44:05+00:00","dateModified":"2026-04-23T19:50:24+00:00","description":"Ent\u00e9rate de todo lo que ocurre en la vida estudiantil de la UC y c\u00f3mo aprovechar al m\u00e1ximo tu experiencia universitaria","breadcrumb":{"@id":"https:\/\/asuntosestudiantiles.uc.cl\/en\/noticias\/experiencia-de-la-jefa-del-centro-de-desarrollo-profesional-durante-su-pasantia-en-espana\/#breadcrumb"},"inLanguage":"en-US","potentialAction":[{"@type":"ReadAction","target":["https:\/\/asuntosestudiantiles.uc.cl\/en\/noticias\/experiencia-de-la-jefa-del-centro-de-desarrollo-profesional-durante-su-pasantia-en-espana\/"]}]},{"@type":"ImageObject","inLanguage":"en-US","@id":"https:\/\/asuntosestudiantiles.uc.cl\/en\/noticias\/experiencia-de-la-jefa-del-centro-de-desarrollo-profesional-durante-su-pasantia-en-espana\/#primaryimage","url":"https:\/\/asuntosestudiantiles.uc.cl\/wp-content\/uploads\/2026\/04\/2026_sofia_pasantia_destacada.jpg","contentUrl":"https:\/\/asuntosestudiantiles.uc.cl\/wp-content\/uploads\/2026\/04\/2026_sofia_pasantia_destacada.jpg","width":545,"height":700,"caption":"Sofia, pasant\u00eda en Espa\u00f1a"},{"@type":"BreadcrumbList","@id":"https:\/\/asuntosestudiantiles.uc.cl\/en\/noticias\/experiencia-de-la-jefa-del-centro-de-desarrollo-profesional-durante-su-pasantia-en-espana\/#breadcrumb","itemListElement":[{"@type":"ListItem","position":1,"name":"Portada","item":"https:\/\/asuntosestudiantiles.uc.cl\/en\/"},{"@type":"ListItem","position":2,"name":"Noticias","item":"https:\/\/asuntosestudiantiles.uc.cl\/en\/noticias\/"},{"@type":"ListItem","position":3,"name":"La valiosa experiencia de la Jefa del Centro de Desarrollo Profesional durante su pasant\u00eda en Espa\u00f1a"}]},{"@type":"WebSite","@id":"https:\/\/asuntosestudiantiles.uc.cl\/en\/#website","url":"https:\/\/asuntosestudiantiles.uc.cl\/en\/","name":"Direcci\u00f3n de Asuntos Estudiantiles","description":"Vive la UC a trav\u00e9s del deporte, la salud, el bienestar y el desarrollo estudiantil","potentialAction":[{"@type":"SearchAction","target":{"@type":"EntryPoint","urlTemplate":"https:\/\/asuntosestudiantiles.uc.cl\/en\/?s={search_term_string}"},"query-input":{"@type":"PropertyValueSpecification","valueRequired":true,"valueName":"search_term_string"}}],"inLanguage":"en-US"}]}},"_links":{"self":[{"href":"https:\/\/asuntosestudiantiles.uc.cl\/en\/wp-json\/wp\/v2\/noticias\/17805","targetHints":{"allow":["GET"]}}],"collection":[{"href":"https:\/\/asuntosestudiantiles.uc.cl\/en\/wp-json\/wp\/v2\/noticias"}],"about":[{"href":"https:\/\/asuntosestudiantiles.uc.cl\/en\/wp-json\/wp\/v2\/types\/noticias"}],"author":[{"embeddable":true,"href":"https:\/\/asuntosestudiantiles.uc.cl\/en\/wp-json\/wp\/v2\/users\/5"}],"replies":[{"embeddable":true,"href":"https:\/\/asuntosestudiantiles.uc.cl\/en\/wp-json\/wp\/v2\/comments?post=17805"}],"version-history":[{"count":2,"href":"https:\/\/asuntosestudiantiles.uc.cl\/en\/wp-json\/wp\/v2\/noticias\/17805\/revisions"}],"predecessor-version":[{"id":17835,"href":"https:\/\/asuntosestudiantiles.uc.cl\/en\/wp-json\/wp\/v2\/noticias\/17805\/revisions\/17835"}],"wp:featuredmedia":[{"embeddable":true,"href":"https:\/\/asuntosestudiantiles.uc.cl\/en\/wp-json\/wp\/v2\/media\/17827"}],"wp:attachment":[{"href":"https:\/\/asuntosestudiantiles.uc.cl\/en\/wp-json\/wp\/v2\/media?parent=17805"}],"wp:term":[{"taxonomy":"temas","embeddable":true,"href":"https:\/\/asuntosestudiantiles.uc.cl\/en\/wp-json\/wp\/v2\/temas?post=17805"}],"curies":[{"name":"wp","href":"https:\/\/api.w.org\/{rel}","templated":true}]}}