
{"id":17871,"date":"2026-04-24T21:39:10","date_gmt":"2026-04-24T21:39:10","guid":{"rendered":"https:\/\/asuntosestudiantiles.uc.cl\/?post_type=noticias&#038;p=17871"},"modified":"2026-04-27T21:53:47","modified_gmt":"2026-04-27T21:53:47","slug":"edicion-impresa-de-la-autoguia-de-bienestar-forma-parte-de-las-nuevas-zonas-para-descansar-en-bibliotecas-uc","status":"publish","type":"noticias","link":"https:\/\/asuntosestudiantiles.uc.cl\/en\/noticias\/edicion-impresa-de-la-autoguia-de-bienestar-forma-parte-de-las-nuevas-zonas-para-descansar-en-bibliotecas-uc\/","title":{"rendered":"Edici\u00f3n impresa de la\u00a0Autogu\u00eda\u00a0de Bienestar\u00a0forma parte de las nuevas zonas\u00a0para descansar en Bibliotecas UC\u00a0"},"content":{"rendered":"\n<h3 class=\"wp-block-heading\">Buscando avanzar en el bienestar de la Comunidad UC, la reciente inauguraci\u00f3n de nuevas instalaciones en Bibliotecas UC cont\u00f3 tambi\u00e9n la \u00faltima versi\u00f3n de la Autogu\u00eda de Bienestar, ahora en forma f\u00edsico.<\/h3>\n\n\n\n<figure class=\"wp-block-image size-large\"><img loading=\"lazy\" decoding=\"async\" width=\"1024\" height=\"463\" src=\"https:\/\/asuntosestudiantiles.uc.cl\/wp-content\/uploads\/2026\/04\/Espacios-de-Bienestar-UC-1-1024x463.png\" alt=\"\" class=\"wp-image-17879\" srcset=\"https:\/\/asuntosestudiantiles.uc.cl\/wp-content\/uploads\/2026\/04\/Espacios-de-Bienestar-UC-1-1024x463.png 1024w, https:\/\/asuntosestudiantiles.uc.cl\/wp-content\/uploads\/2026\/04\/Espacios-de-Bienestar-UC-1-300x136.png 300w, https:\/\/asuntosestudiantiles.uc.cl\/wp-content\/uploads\/2026\/04\/Espacios-de-Bienestar-UC-1-768x347.png 768w, https:\/\/asuntosestudiantiles.uc.cl\/wp-content\/uploads\/2026\/04\/Espacios-de-Bienestar-UC-1-1536x694.png 1536w, https:\/\/asuntosestudiantiles.uc.cl\/wp-content\/uploads\/2026\/04\/Espacios-de-Bienestar-UC-1-2048x926.png 2048w\" sizes=\"auto, (max-width: 1024px) 100vw, 1024px\" \/><\/figure>\n\n\n\n<p>Para muchos\/as estudiantes la biblioteca es mucho m\u00e1s que el lugar al que ir por prestamos de libros. Durante el\u00a0a\u00f1o, y entre largas\u00a0esperas\u00a0de una clase a otra, las <a href=\"https:\/\/www.bing.com\/search?pglt=43&amp;q=bibliotecas+uc&amp;cvid=a8772e15c67648b991698d990955f9e6&amp;gs_lcrp=EgRlZGdlKgYIABBFGDkyBggAEEUYOTIICAEQ6QcY_FXSAQgxODUwajBqN6gCALACAA&amp;FORM=ANNAB1&amp;PC=LCTS\" target=\"_blank\" rel=\"noreferrer noopener\">Bibliotecas UC<\/a> se vuelven\u00a0un\u00a0lugar de estudio, el sector\u00a0para realizar trabajos,\u00a0sitio de\u00a0encuentro\u00a0con otros\u00a0y un\u00a0refugio en invierno. Ahora, con mayor\u00a0raz\u00f3n,\u00a0un lugar\u00a0para\u00a0descansar\u00a0del\u00a0demandante ritmo universitario, gracias\u00a0a los\u00a0<strong>Espacios\u00a0de Bienestar<\/strong>\u00a0recientemente inaugurados.\u00a0\u00a0<\/p>\n\n\n\n<p>Con la presencia de autoridades acad\u00e9micas, como el <strong>Rector UC, Juan Carlos de la Llera, y la Prorrectora, Marianne Krauss<\/strong>, adem\u00e1s de otras autoridades y profesionales\u00a0de la Universidad, se realiz\u00f3\u00a0una ceremonia\u00a0para\u00a0celebrar y\u00a0poner en valor\u00a0estas nuevas instalaciones. Buscando trasmitir calidez y relajo, estos espacios cuentan <strong>con\u00a0modernos\u00a0sof\u00e1s masajeadores, c\u00f3modas sillas para poder descansar,\u00a0aud\u00edfonos aisladores de ruidos\u00a0y mantas para\u00a0complementar estas pausas<\/strong>.\u00a0<\/p>\n\n\n\n<p>\u201cSabemos que el desarrollo de nuestros estudiantes no depende \u00fanicamente de sus condiciones personales,\u00a0sino tambi\u00e9n de las experiencias, labores y entornos que somos capaces de ofrecer como instituci\u00f3n\u201d coment\u00f3 la\u00a0Prorrectora, quien\u00a0continu\u00f3 diciendo que bajo esa convicci\u00f3n\u00a0\u201c<strong>avanzar hacia una cultura de igualdad, de autonom\u00eda y de cuidado mutuo,\u00a0se vuelve un desaf\u00edo compartido, pero tambi\u00e9n una responsabilidad institucional<\/strong>\u201d.\u00a0\u00a0\u00a0<\/p>\n\n\n\n<p>Para conseguir un adecuado dise\u00f1o e implementaci\u00f3n de estas adecuaciones, tambi\u00e9n se consider\u00f3 una etapa de encuestas para conocer los intereses y necesidades del estudiantado.&nbsp;<\/p>\n\n\n\n<p>\u201cLos resultados nos indicaron que <strong>las bibliotecas son valoradas por nuestros usuarios como espacios accesibles, seguros y libres de juicios o sesgos<\/strong>. Espacios que contribuyen a la reparaci\u00f3n emocional, a la disminuci\u00f3n del estr\u00e9s y a mejorar el \u00e1nimo en periodos de gran exigencia\u201d mencion\u00f3 la\u00a0Directora\u00a0de Bibliotecas UC, Evelyn\u00a0Didier, durante la ceremonia.\u00a0<\/p>\n\n\n\n<h2 class=\"wp-block-heading\">\u00a1Nueva versi\u00f3n\u00a0disponible!:\u00a0Equipo de la DAE pone a disposici\u00f3n\u00a0una segunda versi\u00f3n de la\u00a0Autogu\u00eda\u00a0de Bienestar\u00a0 <\/h2>\n\n\n\n<p>A esta inauguraci\u00f3n se suma\u00a0otro\u00a0lanzamiento,\u00a0<strong>la segunda versi\u00f3n de la\u00a0<em><a href=\"https:\/\/asuntosestudiantiles.uc.cl\/salud-mental\/autoguia-de-bienestar-2\/\" target=\"_blank\" rel=\"noreferrer noopener\">Autogu\u00eda\u00a0de Bienestar<\/a><\/em>,\u00a0una publicaci\u00f3n informativa y pr\u00e1ctica<\/strong> que\u00a0fue\u00a0elaborada\u00a0durante el a\u00f1o 2025\u00a0por\u00a0el equipo de\u00a0<a href=\"https:\/\/asuntosestudiantiles.uc.cl\/salud-mental\/\" target=\"_blank\" rel=\"noreferrer noopener\">Salud Mental<\/a>,\u00a0de\u00a0la Direcci\u00f3n\u00a0Salud y Bienestar de la DAE.\u00a0<\/p>\n\n\n\n<p>El equipo a cargo de esta publicaci\u00f3n destaca que en <strong>esta segunda versi\u00f3n se tuvo una identidad mucho m\u00e1s clara y se reconoce como un proyecto mucho m\u00e1s consolidado<\/strong>.\u00a0Tambi\u00e9n\u00a0destacan que no solo es \u00fatil para los estudiantes de manera individual, sino que tambi\u00e9n se ha transformado en una herramienta que\u00a0es utilizada\u00a0en espacios cl\u00ednicos, as\u00ed como en actividades de promoci\u00f3n y prevenci\u00f3n.\u00a0\u00a0<\/p>\n\n\n\n<p>Adem\u00e1s, el trabajo de <strong>dise\u00f1o y las nuevas ilustraciones\u00a0hacen que la experiencia de lectura sea m\u00e1s cercana, amable y atractiva<\/strong>.\u00a0<\/p>\n\n\n\n<p>As\u00ed, ambas iniciativas van en la misma l\u00ednea: fomentar y contribuir al bienestar emocional de las y los estudiantes. Es por esto&nbsp;por lo que, de manera in\u00e9dita, la nueva versi\u00f3n de la&nbsp;Autogu\u00eda&nbsp;tambi\u00e9n se encuentra disponible en formato impreso y la pueden encontrar en estos&nbsp;Espacios de Bienestar de Bibliotecas UC.&nbsp;&nbsp;<\/p>\n\n\n\n<p>\u201cQue est\u00e9 presente en la biblioteca, un lugar tradicionalmente asociado al estudio y al\u00a0rendimiento\u00a0tambi\u00e9n transmite un mensaje importante, que el bienestar es parte del proceso formativo, no algo separado.\u00a0<strong>Que es posible y necesario equilibrar el estudio con momentos de descanso y conexi\u00f3n con uno mismo.\u00a0<\/strong><\/p>\n\n\n\n<p>Por eso, estamos muy contentos de que la&nbsp;autogu\u00eda&nbsp;tenga un espacio en las zonas de bienestar de Bibliotecas UC. Es una forma concreta de acercar este recurso a la vida cotidiana de los estudiantes\u201d&nbsp;coment\u00f3&nbsp;Eric Trujillo Saavedra, psic\u00f3logo del equipo de Salud y Bienestar Estudiantil-DAE.&nbsp;<\/p>\n\n\n\n<h2 class=\"wp-block-heading\"><strong>Conoce los nuevos Espacios de Bienestar que inaugur\u00f3 la Direcci\u00f3n de Bibliotecas UC\u00a0<\/strong>\u00a0<\/h2>\n\n\n\n<figure class=\"wp-block-image size-large\"><img loading=\"lazy\" decoding=\"async\" width=\"1024\" height=\"463\" src=\"https:\/\/asuntosestudiantiles.uc.cl\/wp-content\/uploads\/2026\/04\/Espacios-de-Bienestar-UC-3-1024x463.png\" alt=\"\" class=\"wp-image-17883\" srcset=\"https:\/\/asuntosestudiantiles.uc.cl\/wp-content\/uploads\/2026\/04\/Espacios-de-Bienestar-UC-3-1024x463.png 1024w, https:\/\/asuntosestudiantiles.uc.cl\/wp-content\/uploads\/2026\/04\/Espacios-de-Bienestar-UC-3-300x136.png 300w, https:\/\/asuntosestudiantiles.uc.cl\/wp-content\/uploads\/2026\/04\/Espacios-de-Bienestar-UC-3-768x347.png 768w, https:\/\/asuntosestudiantiles.uc.cl\/wp-content\/uploads\/2026\/04\/Espacios-de-Bienestar-UC-3-1536x694.png 1536w, https:\/\/asuntosestudiantiles.uc.cl\/wp-content\/uploads\/2026\/04\/Espacios-de-Bienestar-UC-3-2048x926.png 2048w\" sizes=\"auto, (max-width: 1024px) 100vw, 1024px\" \/><\/figure>\n\n\n\n<p>Los espacios de bienestar de Bibliotecas UC se enmarcan en el\u00a0<strong>Plan Estrat\u00e9gico UC 2026-2030<\/strong>, espec\u00edficamente en lo que respecta al \u00e1rea habilitadora\u00a0<strong>\u201cComunidad, bienestar y salud mental\u201d<\/strong>.\u00a0Dentro de esta \u00e1rea\u00a0-que hoy alberga la Direcci\u00f3n de Comunidad, Bienestar y Salud mental que depende de la Prorrector\u00eda- se encuentra el\u00a0<strong>proyecto de \u201cCultura del bienestar y cuidado UC\u201d<\/strong>\u00a0cuyo prop\u00f3sito es\u00a0<strong>promover una cultura basada en el buen trato, la empat\u00eda y el cuidado mutuo<\/strong>.<\/p>\n\n\n\n<p>&#8220;Los recientemente inaugurados espacios de bienestar justamente son un ejemplo concreto de la construcci\u00f3n de una mirada que pone el bienestar en el centro; desde el dise\u00f1o del espacio, la gesti\u00f3n de los recursos y, principalmente, el sentido de comunidad y el cambio cultural&#8221; como se\u00f1ala <a href=\"https:\/\/bibliotecas.uc.cl\/noticias\/2493-bibliotecas-inaugura-espacios-de-bienestar-y-desconexion-para-la-comunidad-uc\" target=\"_blank\" rel=\"noreferrer noopener\">esta noticia<\/a> sobre el d\u00eda de la inauguraci\u00f3n.<\/p>\n\n\n\n<p>Actualmente esta iniciativa se encuentra presente en cuatro bibliotecas: La biblioteca en Campus San Joaqu\u00edn y la de Humanidades en el mismo Campus, la biblioteca en Biom\u00e9dica en Casa Central y la Biblioteca en Campus Oriente.\u00a0<\/p>\n\n\n\n<ul class=\"wp-block-list\">\n<li>Puedes descargar la <a href=\"https:\/\/asuntosestudiantiles.uc.cl\/wp-content\/uploads\/2026\/02\/Autoguia-de-Bienestar-edicion2-2026.pdf\" target=\"_blank\" rel=\"noreferrer noopener\">Autogu\u00eda de Bienestar aqu\u00ed<\/a>. <\/li>\n<\/ul>\n","protected":false},"excerpt":{"rendered":"<p>Buscando avanzar en el bienestar de la Comunidad UC, la reciente inauguraci\u00f3n de nuevas instalaciones en Bibliotecas UC cont\u00f3 tambi\u00e9n la \u00faltima versi\u00f3n de la Autogu\u00eda de Bienestar, ahora en forma f\u00edsico. Para muchos\/as estudiantes la biblioteca es mucho m\u00e1s que el lugar al que ir por prestamos de libros. Durante el\u00a0a\u00f1o, y entre largas\u00a0esperas\u00a0de [&hellip;]<\/p>\n","protected":false},"author":9,"featured_media":17875,"menu_order":0,"comment_status":"closed","ping_status":"open","template":"","format":"standard","meta":{"_acf_changed":false,"footnotes":""},"temas":[40],"class_list":["post-17871","noticias","type-noticias","status-publish","format-standard","has-post-thumbnail","hentry","temas-estudiantes"],"acf":[],"yoast_head":"<!-- This site is optimized with the Yoast SEO plugin v23.6 - https:\/\/yoast.com\/wordpress\/plugins\/seo\/ -->\n<title>Edici\u00f3n impresa de la\u00a0Autogu\u00eda\u00a0de Bienestar\u00a0forma parte de las nuevas zonas\u00a0para descansar en Bibliotecas UC\u00a0 - Direcci\u00f3n de Asuntos Estudiantiles<\/title>\n<meta name=\"description\" content=\"La reciente inauguraci\u00f3n de nuevas instalaciones en Bibliotecas UC cont\u00f3 tambi\u00e9n la \u00faltima versi\u00f3n de la Autogu\u00eda de Bienestar\" \/>\n<meta name=\"robots\" content=\"index, follow, max-snippet:-1, max-image-preview:large, max-video-preview:-1\" \/>\n<link rel=\"canonical\" href=\"https:\/\/asuntosestudiantiles.uc.cl\/en\/noticias\/edicion-impresa-de-la-autoguia-de-bienestar-forma-parte-de-las-nuevas-zonas-para-descansar-en-bibliotecas-uc\/\" \/>\n<meta property=\"og:locale\" content=\"en_US\" \/>\n<meta property=\"og:type\" content=\"article\" \/>\n<meta property=\"og:title\" content=\"Edici\u00f3n impresa de la\u00a0Autogu\u00eda\u00a0de Bienestar\u00a0forma parte de las nuevas zonas\u00a0para descansar en Bibliotecas UC\u00a0 - Direcci\u00f3n de Asuntos Estudiantiles\" \/>\n<meta property=\"og:description\" content=\"La reciente inauguraci\u00f3n de nuevas instalaciones en Bibliotecas UC cont\u00f3 tambi\u00e9n la \u00faltima versi\u00f3n de la Autogu\u00eda de Bienestar\" \/>\n<meta property=\"og:url\" content=\"https:\/\/asuntosestudiantiles.uc.cl\/en\/noticias\/edicion-impresa-de-la-autoguia-de-bienestar-forma-parte-de-las-nuevas-zonas-para-descansar-en-bibliotecas-uc\/\" \/>\n<meta property=\"og:site_name\" content=\"Direcci\u00f3n de Asuntos Estudiantiles\" \/>\n<meta property=\"article:modified_time\" content=\"2026-04-27T21:53:47+00:00\" \/>\n<meta property=\"og:image\" content=\"https:\/\/asuntosestudiantiles.uc.cl\/wp-content\/uploads\/2026\/04\/Espacios-de-Bienestar-UC-2.png\" \/>\n\t<meta property=\"og:image:width\" content=\"380\" \/>\n\t<meta property=\"og:image:height\" content=\"532\" \/>\n\t<meta property=\"og:image:type\" content=\"image\/png\" \/>\n<meta name=\"twitter:card\" content=\"summary_large_image\" \/>\n<meta name=\"twitter:label1\" content=\"Est. reading time\" \/>\n\t<meta name=\"twitter:data1\" content=\"5 minutes\" \/>\n<script type=\"application\/ld+json\" class=\"yoast-schema-graph\">{\"@context\":\"https:\/\/schema.org\",\"@graph\":[{\"@type\":\"WebPage\",\"@id\":\"https:\/\/asuntosestudiantiles.uc.cl\/en\/noticias\/edicion-impresa-de-la-autoguia-de-bienestar-forma-parte-de-las-nuevas-zonas-para-descansar-en-bibliotecas-uc\/\",\"url\":\"https:\/\/asuntosestudiantiles.uc.cl\/en\/noticias\/edicion-impresa-de-la-autoguia-de-bienestar-forma-parte-de-las-nuevas-zonas-para-descansar-en-bibliotecas-uc\/\",\"name\":\"Edici\u00f3n impresa de la\u00a0Autogu\u00eda\u00a0de Bienestar\u00a0forma parte de las nuevas zonas\u00a0para descansar en Bibliotecas UC\u00a0 - Direcci\u00f3n de Asuntos Estudiantiles\",\"isPartOf\":{\"@id\":\"https:\/\/asuntosestudiantiles.uc.cl\/en\/#website\"},\"primaryImageOfPage\":{\"@id\":\"https:\/\/asuntosestudiantiles.uc.cl\/en\/noticias\/edicion-impresa-de-la-autoguia-de-bienestar-forma-parte-de-las-nuevas-zonas-para-descansar-en-bibliotecas-uc\/#primaryimage\"},\"image\":{\"@id\":\"https:\/\/asuntosestudiantiles.uc.cl\/en\/noticias\/edicion-impresa-de-la-autoguia-de-bienestar-forma-parte-de-las-nuevas-zonas-para-descansar-en-bibliotecas-uc\/#primaryimage\"},\"thumbnailUrl\":\"https:\/\/asuntosestudiantiles.uc.cl\/wp-content\/uploads\/2026\/04\/Espacios-de-Bienestar-UC-2.png\",\"datePublished\":\"2026-04-24T21:39:10+00:00\",\"dateModified\":\"2026-04-27T21:53:47+00:00\",\"description\":\"La reciente inauguraci\u00f3n de nuevas instalaciones en Bibliotecas UC cont\u00f3 tambi\u00e9n la \u00faltima versi\u00f3n de la Autogu\u00eda de Bienestar\",\"breadcrumb\":{\"@id\":\"https:\/\/asuntosestudiantiles.uc.cl\/en\/noticias\/edicion-impresa-de-la-autoguia-de-bienestar-forma-parte-de-las-nuevas-zonas-para-descansar-en-bibliotecas-uc\/#breadcrumb\"},\"inLanguage\":\"en-US\",\"potentialAction\":[{\"@type\":\"ReadAction\",\"target\":[\"https:\/\/asuntosestudiantiles.uc.cl\/en\/noticias\/edicion-impresa-de-la-autoguia-de-bienestar-forma-parte-de-las-nuevas-zonas-para-descansar-en-bibliotecas-uc\/\"]}]},{\"@type\":\"ImageObject\",\"inLanguage\":\"en-US\",\"@id\":\"https:\/\/asuntosestudiantiles.uc.cl\/en\/noticias\/edicion-impresa-de-la-autoguia-de-bienestar-forma-parte-de-las-nuevas-zonas-para-descansar-en-bibliotecas-uc\/#primaryimage\",\"url\":\"https:\/\/asuntosestudiantiles.uc.cl\/wp-content\/uploads\/2026\/04\/Espacios-de-Bienestar-UC-2.png\",\"contentUrl\":\"https:\/\/asuntosestudiantiles.uc.cl\/wp-content\/uploads\/2026\/04\/Espacios-de-Bienestar-UC-2.png\",\"width\":380,\"height\":532},{\"@type\":\"BreadcrumbList\",\"@id\":\"https:\/\/asuntosestudiantiles.uc.cl\/en\/noticias\/edicion-impresa-de-la-autoguia-de-bienestar-forma-parte-de-las-nuevas-zonas-para-descansar-en-bibliotecas-uc\/#breadcrumb\",\"itemListElement\":[{\"@type\":\"ListItem\",\"position\":1,\"name\":\"Portada\",\"item\":\"https:\/\/asuntosestudiantiles.uc.cl\/en\/\"},{\"@type\":\"ListItem\",\"position\":2,\"name\":\"Noticias\",\"item\":\"https:\/\/asuntosestudiantiles.uc.cl\/en\/noticias\/\"},{\"@type\":\"ListItem\",\"position\":3,\"name\":\"Edici\u00f3n impresa de la\u00a0Autogu\u00eda\u00a0de Bienestar\u00a0forma parte de las nuevas zonas\u00a0para descansar en Bibliotecas UC\u00a0\"}]},{\"@type\":\"WebSite\",\"@id\":\"https:\/\/asuntosestudiantiles.uc.cl\/en\/#website\",\"url\":\"https:\/\/asuntosestudiantiles.uc.cl\/en\/\",\"name\":\"Direcci\u00f3n de Asuntos Estudiantiles\",\"description\":\"Vive la UC a trav\u00e9s del deporte, la salud, el bienestar y el desarrollo estudiantil\",\"potentialAction\":[{\"@type\":\"SearchAction\",\"target\":{\"@type\":\"EntryPoint\",\"urlTemplate\":\"https:\/\/asuntosestudiantiles.uc.cl\/en\/?s={search_term_string}\"},\"query-input\":{\"@type\":\"PropertyValueSpecification\",\"valueRequired\":true,\"valueName\":\"search_term_string\"}}],\"inLanguage\":\"en-US\"}]}<\/script>\n<!-- \/ Yoast SEO plugin. -->","yoast_head_json":{"title":"Edici\u00f3n impresa de la\u00a0Autogu\u00eda\u00a0de Bienestar\u00a0forma parte de las nuevas zonas\u00a0para descansar en Bibliotecas UC\u00a0 - Direcci\u00f3n de Asuntos Estudiantiles","description":"La reciente inauguraci\u00f3n de nuevas instalaciones en Bibliotecas UC cont\u00f3 tambi\u00e9n la \u00faltima versi\u00f3n de la Autogu\u00eda de Bienestar","robots":{"index":"index","follow":"follow","max-snippet":"max-snippet:-1","max-image-preview":"max-image-preview:large","max-video-preview":"max-video-preview:-1"},"canonical":"https:\/\/asuntosestudiantiles.uc.cl\/en\/noticias\/edicion-impresa-de-la-autoguia-de-bienestar-forma-parte-de-las-nuevas-zonas-para-descansar-en-bibliotecas-uc\/","og_locale":"en_US","og_type":"article","og_title":"Edici\u00f3n impresa de la\u00a0Autogu\u00eda\u00a0de Bienestar\u00a0forma parte de las nuevas zonas\u00a0para descansar en Bibliotecas UC\u00a0 - Direcci\u00f3n de Asuntos Estudiantiles","og_description":"La reciente inauguraci\u00f3n de nuevas instalaciones en Bibliotecas UC cont\u00f3 tambi\u00e9n la \u00faltima versi\u00f3n de la Autogu\u00eda de Bienestar","og_url":"https:\/\/asuntosestudiantiles.uc.cl\/en\/noticias\/edicion-impresa-de-la-autoguia-de-bienestar-forma-parte-de-las-nuevas-zonas-para-descansar-en-bibliotecas-uc\/","og_site_name":"Direcci\u00f3n de Asuntos Estudiantiles","article_modified_time":"2026-04-27T21:53:47+00:00","og_image":[{"width":380,"height":532,"url":"https:\/\/asuntosestudiantiles.uc.cl\/wp-content\/uploads\/2026\/04\/Espacios-de-Bienestar-UC-2.png","type":"image\/png"}],"twitter_card":"summary_large_image","twitter_misc":{"Est. reading time":"5 minutes"},"schema":{"@context":"https:\/\/schema.org","@graph":[{"@type":"WebPage","@id":"https:\/\/asuntosestudiantiles.uc.cl\/en\/noticias\/edicion-impresa-de-la-autoguia-de-bienestar-forma-parte-de-las-nuevas-zonas-para-descansar-en-bibliotecas-uc\/","url":"https:\/\/asuntosestudiantiles.uc.cl\/en\/noticias\/edicion-impresa-de-la-autoguia-de-bienestar-forma-parte-de-las-nuevas-zonas-para-descansar-en-bibliotecas-uc\/","name":"Edici\u00f3n impresa de la\u00a0Autogu\u00eda\u00a0de Bienestar\u00a0forma parte de las nuevas zonas\u00a0para descansar en Bibliotecas UC\u00a0 - Direcci\u00f3n de Asuntos Estudiantiles","isPartOf":{"@id":"https:\/\/asuntosestudiantiles.uc.cl\/en\/#website"},"primaryImageOfPage":{"@id":"https:\/\/asuntosestudiantiles.uc.cl\/en\/noticias\/edicion-impresa-de-la-autoguia-de-bienestar-forma-parte-de-las-nuevas-zonas-para-descansar-en-bibliotecas-uc\/#primaryimage"},"image":{"@id":"https:\/\/asuntosestudiantiles.uc.cl\/en\/noticias\/edicion-impresa-de-la-autoguia-de-bienestar-forma-parte-de-las-nuevas-zonas-para-descansar-en-bibliotecas-uc\/#primaryimage"},"thumbnailUrl":"https:\/\/asuntosestudiantiles.uc.cl\/wp-content\/uploads\/2026\/04\/Espacios-de-Bienestar-UC-2.png","datePublished":"2026-04-24T21:39:10+00:00","dateModified":"2026-04-27T21:53:47+00:00","description":"La reciente inauguraci\u00f3n de nuevas instalaciones en Bibliotecas UC cont\u00f3 tambi\u00e9n la \u00faltima versi\u00f3n de la Autogu\u00eda de Bienestar","breadcrumb":{"@id":"https:\/\/asuntosestudiantiles.uc.cl\/en\/noticias\/edicion-impresa-de-la-autoguia-de-bienestar-forma-parte-de-las-nuevas-zonas-para-descansar-en-bibliotecas-uc\/#breadcrumb"},"inLanguage":"en-US","potentialAction":[{"@type":"ReadAction","target":["https:\/\/asuntosestudiantiles.uc.cl\/en\/noticias\/edicion-impresa-de-la-autoguia-de-bienestar-forma-parte-de-las-nuevas-zonas-para-descansar-en-bibliotecas-uc\/"]}]},{"@type":"ImageObject","inLanguage":"en-US","@id":"https:\/\/asuntosestudiantiles.uc.cl\/en\/noticias\/edicion-impresa-de-la-autoguia-de-bienestar-forma-parte-de-las-nuevas-zonas-para-descansar-en-bibliotecas-uc\/#primaryimage","url":"https:\/\/asuntosestudiantiles.uc.cl\/wp-content\/uploads\/2026\/04\/Espacios-de-Bienestar-UC-2.png","contentUrl":"https:\/\/asuntosestudiantiles.uc.cl\/wp-content\/uploads\/2026\/04\/Espacios-de-Bienestar-UC-2.png","width":380,"height":532},{"@type":"BreadcrumbList","@id":"https:\/\/asuntosestudiantiles.uc.cl\/en\/noticias\/edicion-impresa-de-la-autoguia-de-bienestar-forma-parte-de-las-nuevas-zonas-para-descansar-en-bibliotecas-uc\/#breadcrumb","itemListElement":[{"@type":"ListItem","position":1,"name":"Portada","item":"https:\/\/asuntosestudiantiles.uc.cl\/en\/"},{"@type":"ListItem","position":2,"name":"Noticias","item":"https:\/\/asuntosestudiantiles.uc.cl\/en\/noticias\/"},{"@type":"ListItem","position":3,"name":"Edici\u00f3n impresa de la\u00a0Autogu\u00eda\u00a0de Bienestar\u00a0forma parte de las nuevas zonas\u00a0para descansar en Bibliotecas UC\u00a0"}]},{"@type":"WebSite","@id":"https:\/\/asuntosestudiantiles.uc.cl\/en\/#website","url":"https:\/\/asuntosestudiantiles.uc.cl\/en\/","name":"Direcci\u00f3n de Asuntos Estudiantiles","description":"Vive la UC a trav\u00e9s del deporte, la salud, el bienestar y el desarrollo estudiantil","potentialAction":[{"@type":"SearchAction","target":{"@type":"EntryPoint","urlTemplate":"https:\/\/asuntosestudiantiles.uc.cl\/en\/?s={search_term_string}"},"query-input":{"@type":"PropertyValueSpecification","valueRequired":true,"valueName":"search_term_string"}}],"inLanguage":"en-US"}]}},"_links":{"self":[{"href":"https:\/\/asuntosestudiantiles.uc.cl\/en\/wp-json\/wp\/v2\/noticias\/17871","targetHints":{"allow":["GET"]}}],"collection":[{"href":"https:\/\/asuntosestudiantiles.uc.cl\/en\/wp-json\/wp\/v2\/noticias"}],"about":[{"href":"https:\/\/asuntosestudiantiles.uc.cl\/en\/wp-json\/wp\/v2\/types\/noticias"}],"author":[{"embeddable":true,"href":"https:\/\/asuntosestudiantiles.uc.cl\/en\/wp-json\/wp\/v2\/users\/9"}],"replies":[{"embeddable":true,"href":"https:\/\/asuntosestudiantiles.uc.cl\/en\/wp-json\/wp\/v2\/comments?post=17871"}],"version-history":[{"count":2,"href":"https:\/\/asuntosestudiantiles.uc.cl\/en\/wp-json\/wp\/v2\/noticias\/17871\/revisions"}],"predecessor-version":[{"id":17887,"href":"https:\/\/asuntosestudiantiles.uc.cl\/en\/wp-json\/wp\/v2\/noticias\/17871\/revisions\/17887"}],"wp:featuredmedia":[{"embeddable":true,"href":"https:\/\/asuntosestudiantiles.uc.cl\/en\/wp-json\/wp\/v2\/media\/17875"}],"wp:attachment":[{"href":"https:\/\/asuntosestudiantiles.uc.cl\/en\/wp-json\/wp\/v2\/media?parent=17871"}],"wp:term":[{"taxonomy":"temas","embeddable":true,"href":"https:\/\/asuntosestudiantiles.uc.cl\/en\/wp-json\/wp\/v2\/temas?post=17871"}],"curies":[{"name":"wp","href":"https:\/\/api.w.org\/{rel}","templated":true}]}}