
{"id":17985,"date":"2026-04-29T21:00:19","date_gmt":"2026-04-29T21:00:19","guid":{"rendered":"https:\/\/asuntosestudiantiles.uc.cl\/?post_type=noticias&#038;p=17985"},"modified":"2026-04-29T21:34:39","modified_gmt":"2026-04-29T21:34:39","slug":"nicolas-bisquertt-leyenda-del-deporte-uc","status":"publish","type":"noticias","link":"https:\/\/asuntosestudiantiles.uc.cl\/en\/noticias\/nicolas-bisquertt-leyenda-del-deporte-uc\/","title":{"rendered":"Nicol\u00e1s Bisquertt: figura del deporte chileno se lanza a terminar su carrera en la UC"},"content":{"rendered":"\n<h3 class=\"wp-block-heading\"><strong>El Estudiante de Ingenier\u00eda UC y seleccionado nacional hizo historia en los \u00faltimos Juegos Paral\u00edmpicos de Invierno, obteniendo el mejor rendimiento chileno en un mega evento de este tipo. A sus 27 a\u00f1os, esta vez lejos de la nieve, se dispone a culminar otra importante carrera: su formaci\u00f3n profesional. &#8220;Por ahora quiero enfocarme en terminar la universidad este a\u00f1o y no dejar de lado el esqu\u00ed, e ir a Francia 2030 con todo&#8221;, cuenta.<\/strong><\/h3>\n\n\n\n<figure class=\"wp-block-image size-large\"><img loading=\"lazy\" decoding=\"async\" width=\"1024\" height=\"553\" src=\"https:\/\/asuntosestudiantiles.uc.cl\/wp-content\/uploads\/2026\/04\/09-154424_87zk_Texto-del-parrafo-93-1200x648-1-1024x553.png\" alt=\"Nicol\u00e1s Bisquertt, estudiante UC se convirti\u00f3 en leyenda del deporte nacional en Milano Cortina 2026\n\" class=\"wp-image-17997\" srcset=\"https:\/\/asuntosestudiantiles.uc.cl\/wp-content\/uploads\/2026\/04\/09-154424_87zk_Texto-del-parrafo-93-1200x648-1-1024x553.png 1024w, https:\/\/asuntosestudiantiles.uc.cl\/wp-content\/uploads\/2026\/04\/09-154424_87zk_Texto-del-parrafo-93-1200x648-1-300x162.png 300w, https:\/\/asuntosestudiantiles.uc.cl\/wp-content\/uploads\/2026\/04\/09-154424_87zk_Texto-del-parrafo-93-1200x648-1-768x415.png 768w, https:\/\/asuntosestudiantiles.uc.cl\/wp-content\/uploads\/2026\/04\/09-154424_87zk_Texto-del-parrafo-93-1200x648-1.png 1200w\" sizes=\"auto, (max-width: 1024px) 100vw, 1024px\" \/><figcaption class=\"wp-element-caption\">&#8220;Nico&#8221; compiti\u00f3 en Milano Cortina 2026, cosechando los mejores resultados en el Slalom Gigante 6\u00b0 y 8\u00b0 en Supergigante.<\/figcaption><\/figure>\n\n\n\n<p>Su nombre ya forma parte de la historia dorada del deporte nacional. <strong>Nicolas Bisquertt es el primer chileno en obtener dos diplomas paral\u00edmpicos de invierno<\/strong>, haza\u00f1a que consigui\u00f3 en <a href=\"https:\/\/www.olympics.com\/es\/milano-cortina-2026\">Milano-Cortina 2026<\/a>. Su principal marca fue el 6\u00b0 lugar en Slalom Gigante, el mejor desempe\u00f1o chileno en una competencia de invierno.<\/p>\n\n\n\n<p>A los 15 a\u00f1os comenz\u00f3 a entrenar junto a la selecci\u00f3n nacional de esqu\u00ed paral\u00edmpico. Desde ese momento, no ha parado. Su palmar\u00e9s tiene tres participaciones en Juegos Paral\u00edmpicos, un bronce en la Copa del Mundo de Esqu\u00ed Alpino 2023\/2024 y dos medallas en los<a href=\"https:\/\/asuntosestudiantiles.uc.cl\/noticias\/juegos-mundiales-universitarios-de-invierno-2025-nicolas-bisquertt-hizo-historia-y-consiguio-dos-medallas-para-chile\/\"> FISU World University Games Torino 2025: una de oro y otra de plata<\/a>. Sin embargo, su m\u00e1ximo desaf\u00edo sigue siendo conseguir una medalla paral\u00edmpica.<\/p>\n\n\n\n<p>Durante su laureada carrera como esquiador, Nicol\u00e1s Bisquertt <strong>ha compatibilizado el alto rendimiento deportivo con su formaci\u00f3n en Ingenier\u00eda UC<\/strong>. Ya van 9 a\u00f1os en los que, entre entrenamientos, preparar ex\u00e1menes en tiempo r\u00e9cord y campeonatos, ha llevado ambas carreras con mucho sacrificio. Hoy se prepara para el \u00faltimo esprint en su formaci\u00f3n acad\u00e9mica, pensando en el pr\u00f3ximo ciclo de preparaci\u00f3n para los Juegos Paral\u00edmpicos Alpes Franceses 2030. \u00a0<\/p>\n\n\n\n<p>Su aporte al deporte local es indiscutible y tambi\u00e9n ha tenido eco en la universidad. En reconocimiento a esta destacada trayectoria, DAE-Deportes UC dise\u00f1\u00f3 un mural conmemorativo en sus dependencias, para inmortalizar este logro y su paso por la casa de estudios. &nbsp;Adem\u00e1s, se le organiz\u00f3 un \u201cpasillo de aplausos\u201d para demostrar el apoyo de toda la comunidad deportiva en el inicio de este nuevo proceso.<\/p>\n\n\n\n<figure class=\"wp-block-gallery has-nested-images columns-default is-cropped wp-block-gallery-1 is-layout-flex wp-block-gallery-is-layout-flex\">\n<figure class=\"wp-block-image size-large\"><img loading=\"lazy\" decoding=\"async\" width=\"4000\" height=\"6000\" data-id=\"18007\" src=\"https:\/\/asuntosestudiantiles.uc.cl\/wp-content\/uploads\/2026\/04\/1.jpg\" alt=\"\" class=\"wp-image-18007\"\/><\/figure>\n\n\n\n<figure class=\"wp-block-image size-large\"><img loading=\"lazy\" decoding=\"async\" width=\"4000\" height=\"6000\" data-id=\"18011\" src=\"https:\/\/asuntosestudiantiles.uc.cl\/wp-content\/uploads\/2026\/04\/2-1.jpg\" alt=\"\" class=\"wp-image-18011\"\/><\/figure>\n\n\n\n<figure class=\"wp-block-image size-large\"><img loading=\"lazy\" decoding=\"async\" width=\"4000\" height=\"6000\" data-id=\"18015\" src=\"https:\/\/asuntosestudiantiles.uc.cl\/wp-content\/uploads\/2026\/04\/4.jpg\" alt=\"\" class=\"wp-image-18015\"\/><\/figure>\n\n\n\n<figure class=\"wp-block-image size-large\"><img loading=\"lazy\" decoding=\"async\" width=\"3248\" height=\"4682\" data-id=\"18019\" src=\"https:\/\/asuntosestudiantiles.uc.cl\/wp-content\/uploads\/2026\/04\/7.jpg\" alt=\"Nicol\u00e1s Bisquertt homenajeado en la UC\" class=\"wp-image-18019\"\/><figcaption class=\"wp-element-caption\">El pasado 20 de abril, Nicol\u00e1s Bisquertt recibi\u00f3 un homenaje por sus logros deportivos y en reconocimiento a su paso por la UC.<\/figcaption><\/figure>\n<\/figure>\n\n\n\n<p>Tras este breve y significativo reconocimiento, Nicol\u00e1s convers\u00f3 con Vive la UC para profundizar en lo que se viene y motivar a otros deportistas universitarios a luchar por sus sue\u00f1os.<\/p>\n\n\n\n<h2 class=\"wp-block-heading\"><strong>De un hobby a convertirse en leyenda<\/strong><\/h2>\n\n\n\n<p><strong>\u00bfCu\u00e1ndo te iniciaste en el esqu\u00ed y cu\u00e1ndo te diste cuenta que ten\u00edas habilidades para el alto rendimiento?<\/strong><\/p>\n\n\n\n<p>En el esqu\u00ed paral\u00edmpico empec\u00e9 el a\u00f1o 2014, y el 2015 empec\u00e9 a entrenar en el equipo nacional. De ah\u00ed en adelante no par\u00e9 nunca a entrenar. El 2018 fue mi primer juego, despu\u00e9s de mi primer a\u00f1o en la universidad, y ah\u00ed la verdad nunca he parado a entrenar.<\/p>\n\n\n\n<p><strong>\u00bfSiempre tuviste el objetivo del alto rendimiento, o fuiste d\u00e1ndote cuenta en el camino que pod\u00edas llegar lejos?<\/strong><\/p>\n\n\n\n<p>En un inicio yo part\u00ed esquiando con objetivos 100% recreacionales. Yo quer\u00eda aprender a esquiar. Despu\u00e9s llegaron las carreras, me empez\u00f3 a gustar, y el primer d\u00eda que dije<strong> \u201cvoy a correr\u201d, le dediqu\u00e9 el 100% al alto rendimiento. El objetivo, desde que empec\u00e9 a competir, ha sido siempre y va a seguir siendo, hasta lograrlo, obtener una medalla paral\u00edmpica.<\/strong> Llevo tres Juegos, este estuve m\u00e1s cerca y <strong>voy a seguir pele\u00e1ndolo.<\/strong><\/p>\n\n\n\n<p><strong>\u00bfQu\u00e9 sentiste al saber que hab\u00edas obtenido los diplomas paral\u00edmpicos?<\/strong><\/p>\n\n\n\n<p>Muy contento. Tuve la primera carrera en descenso, ven\u00eda esquiando r\u00e1pido y me ca\u00ed. Fue un poco frustrante por ese lado. Pero al d\u00eda siguiente, en el supergigante, logr\u00e9 el diploma, que no lo hab\u00eda obtenido nunca. La verdad que me dej\u00f3 muy contento, me ayud\u00f3 a cargar energ\u00eda para lo que quedaba de los Juegos y seguir buscando esos objetivos.<\/p>\n\n\n\n<p><strong>\u00bfC\u00f3mo es recomponerse en un periodo corto y teniendo en cuenta que el nivel de la competici\u00f3n es importante?<\/strong><\/p>\n\n\n\n<p>S\u00ed, bueno, fue una ca\u00edda fuerte, pero no grave. Fueron cosas musculares, pero la verdad no me preocup\u00f3 nada. Lo que me preocupaba era seguir corriendo, siempre que pudiera correr iba a dar lo mejor de m\u00ed y fue lo que hice.<\/p>\n\n\n\n<p><strong>Es parte de la disciplina\u2026<\/strong><\/p>\n\n\n\n<p>Totalmente. Es parte del deporte el caerse. Uno sabe que va jugando con los l\u00edmites y, si uno se pasa una rayita, que a veces es necesario para ganar una medalla, con eso uno puede tener un accidente.<\/p>\n\n\n\n<p><strong>\u00bfQu\u00e9 aprendizajes u oportunidades de mejora te dej\u00f3 esta experiencia en los Juegos Paral\u00edmpicos?<\/strong><\/p>\n\n\n\n<p>Bueno, en general este \u00faltimo ciclo ol\u00edmpico me dej\u00f3 aprendizajes muy grandes en t\u00e9rminos de la preparaci\u00f3n, el objetivo y la importancia de la calidad del entrenamiento, m\u00e1s que la cantidad. Preocuparme de hacer las cosas bien, y lo importante que es disfrutar. Siempre hay que estar disfrutando, el minuto que uno se olvida de eso empieza a caer en malas cosas. Al final nosotros estamos haciendo el deporte porque nos gusta, entonces esa parte es muy importante.<\/p>\n\n\n\n<p><strong>\u00bfC\u00f3mo ha sido el aprendizaje de trabajar la fortaleza mental? Porque se habla mucho del alto rendimiento y la presi\u00f3n que conlleva.<\/strong><\/p>\n\n\n\n<p>Este a\u00f1o tambi\u00e9n me prepar\u00e9 con psic\u00f3logo deportivo y lo importante es siempre estar tranquilo, esa es la clave dentro de lo que es cabeza. Estar tranquilo con lo que uno hace y prepararse lo mejor posible te mantiene tranquilo y, despu\u00e9s de eso, disfrutar.<\/p>\n\n\n\n<p><strong>\u00bfHay alg\u00fan ejercicio que t\u00fa desarrolles como para volver a la calma, volver a sentir que est\u00e1s disfrutando la experiencia, y que no te coma la presi\u00f3n del alto rendimiento?<\/strong><\/p>\n\n\n\n<p>No, por ese lado no. No estoy pensando en eso. Yo me preocupo hacer lo que tengo que hacer, y con eso me quedo tranquilo.<\/p>\n\n\n\n<p><strong>Entonces, lo principal es confiar en el entrenamiento y en el trabajo que se ha realizado\u2026<\/strong><\/p>\n\n\n\n<p>Cuando uno empieza un periodo de entrenamiento, cualquier cosa, hay que planificarlo. Despu\u00e9s de que uno lo planifica, hay que ejecutarlo lo mejor posible. Ya con eso, cuando llegas a las carreras, eso te da una tranquilidad. En el fondo, uno no est\u00e1 calentando las carreras, uno las viene preparando con mucho tiempo y eso es lo que te da la calma.<\/p>\n\n\n<div class=\"wp-block-image\">\n<figure class=\"aligncenter size-full\"><img loading=\"lazy\" decoding=\"async\" width=\"649\" height=\"365\" src=\"https:\/\/asuntosestudiantiles.uc.cl\/wp-content\/uploads\/2026\/04\/HDTBszEWMAEUkWv.jpg\" alt=\"Nicol\u00e1s Bisquertt, estudiante UC se convirti\u00f3 en leyenda del deporte nacional en Milano Cortina 2026\n\" class=\"wp-image-18023\"\/><figcaption class=\"wp-element-caption\">Nico Bisquertt se alz\u00f3 como el chileno con mejor rendimiento en una cita paral\u00edmpica de invierno en Milano Cortina 2026.<\/figcaption><\/figure>\n<\/div>\n\n\n<h2 class=\"wp-block-heading\"><strong>Nicol\u00e1s Bisquertt y su relaci\u00f3n con la UC<\/strong><\/h2>\n\n\n\n<p><strong>\u00bfC\u00f3mo ha sido tu experiencia en la universidad, tanto en lo deportivo como en lo acad\u00e9mico?<\/strong><\/p>\n\n\n\n<p>La verdad, yo en los \u00faltimos a\u00f1os le he dado mucha m\u00e1s prioridad al deporte que a la universidad. Por ese lado, siento que mi deporte es de los m\u00e1s complicados para compatibilizar con los estudios, ya que es por temporada y hay que estar lejos de la universidad. El camino que encontr\u00e9 yo para poder compatibilizarlo fue, principalmente, congelando los segundos semestres. Hay cosas que a lo mejor nos faltan al principio\u2026<\/p>\n\n\n\n<p><strong>\u00bfLos primeros a\u00f1os fueron m\u00e1s dif\u00edciles?<\/strong><\/p>\n\n\n\n<p>El segundo a\u00f1o me ech\u00e9 un ramo porque no sab\u00eda que hab\u00eda prueba, a dos d\u00edas de haber llegado a los Juegos Paral\u00edmpicos de Corea. Fui a dar una prueba y me saqu\u00e9 un 2,9. Claramente, era obvio. Pero, en general, bien. He logrado hacerlo. Ya me queda poquito, este a\u00f1o ya quiero terminarlo. As\u00ed que nada, a darle m\u00e1s tiempo.<\/p>\n\n\n\n<p><strong>\u00bfY en lo acad\u00e9mico c\u00f3mo ha sido esta experiencia? Porque estudiar una carrera universitaria, adem\u00e1s del deporte, significa obviamente un compromiso.<\/strong><\/p>\n\n\n\n<p>Claro, es una decisi\u00f3n dif\u00edcil. A m\u00ed, personalmente, quiz\u00e1s me hubiese encantado haberme dedicado 100% al deporte, pero hay que tener en mente una alternativa para qu\u00e9 hacer despu\u00e9s del deporte. Me gusta la carrera que estudio, no fue al azar, tambi\u00e9n era algo que quer\u00eda hacer. Y tuve la oportunidad de hacer las dos cosas. Eso es lo m\u00e1s importante, tener la oportunidad de hacer las dos cosas, no elegir entre una o la otra.<\/p>\n\n\n\n<p><strong>\u00bfQu\u00e9 le dir\u00edas a otro estudiante que est\u00e1 buscando llevar dos carreras o compatibilizar dos \u00e1mbitos de la vida que sean muy distintos?<\/strong><\/p>\n\n\n\n<p>Hay que atreverse. Cada a\u00f1o por parte de la universidad hay m\u00e1s flexibilidad, hay m\u00e1s apoyo. Ac\u00e1 tratan de ayudar en todo lo que pueden por la Direcci\u00f3n de Deportes. Si probablemente estuvieran con otro deportista, hace 20 a\u00f1os esta conversaci\u00f3n era totalmente distinta. As\u00ed que el trabajo que se ha hecho por mejorarnos las condiciones, que nos permiten hacer las dos cosas, se agradece much\u00edsimo.<\/p>\n\n\n\n<p><strong>Entonces, te veremos en Francia 2030, \u00bfya te est\u00e1s preparando para eso?<\/strong><\/p>\n\n\n\n<p>S\u00ed, ya el pr\u00f3ximo ciclo ol\u00edmpico, est\u00e1 enfocado en los Alpes Franceses 2030. Por ahora quiero enfocarme en terminar la universidad este a\u00f1o y, claro, no dejar de lado el esqu\u00ed e ir a Francia con todo.<\/p>\n","protected":false},"excerpt":{"rendered":"<p>El Estudiante de Ingenier\u00eda UC y seleccionado nacional hizo historia en los \u00faltimos Juegos Paral\u00edmpicos de Invierno, obteniendo el mejor rendimiento chileno en un mega evento de este tipo. A sus 27 a\u00f1os, esta vez lejos de la nieve, se dispone a culminar otra importante carrera: su formaci\u00f3n profesional. &#8220;Por ahora quiero enfocarme en terminar [&hellip;]<\/p>\n","protected":false},"author":7,"featured_media":17993,"menu_order":0,"comment_status":"closed","ping_status":"open","template":"","format":"standard","meta":{"_acf_changed":false,"footnotes":""},"temas":[4],"class_list":["post-17985","noticias","type-noticias","status-publish","format-standard","has-post-thumbnail","hentry","temas-deportes"],"acf":[],"yoast_head":"<!-- This site is optimized with the Yoast SEO plugin v23.6 - https:\/\/yoast.com\/wordpress\/plugins\/seo\/ -->\n<title>Nicol\u00e1s Bisquertt: figura del deporte chileno se lanza a terminar su carrera en la UC - Direcci\u00f3n de Asuntos Estudiantiles<\/title>\n<meta name=\"description\" content=\"Conoce un poco m\u00e1s sobre la historia de Nicol\u00e1s Bisquertt, estudiante UC y leyenda del deporte paral\u00edmpico nacional.\" \/>\n<meta name=\"robots\" content=\"index, follow, max-snippet:-1, max-image-preview:large, max-video-preview:-1\" \/>\n<link rel=\"canonical\" href=\"https:\/\/asuntosestudiantiles.uc.cl\/en\/noticias\/nicolas-bisquertt-leyenda-del-deporte-uc\/\" \/>\n<meta property=\"og:locale\" content=\"en_US\" \/>\n<meta property=\"og:type\" content=\"article\" \/>\n<meta property=\"og:title\" content=\"Nicol\u00e1s Bisquertt: figura del deporte chileno se lanza a terminar su carrera en la UC - Direcci\u00f3n de Asuntos Estudiantiles\" \/>\n<meta property=\"og:description\" content=\"Conoce un poco m\u00e1s sobre la historia de Nicol\u00e1s Bisquertt, estudiante UC y leyenda del deporte paral\u00edmpico nacional.\" \/>\n<meta property=\"og:url\" content=\"https:\/\/asuntosestudiantiles.uc.cl\/en\/noticias\/nicolas-bisquertt-leyenda-del-deporte-uc\/\" \/>\n<meta property=\"og:site_name\" content=\"Direcci\u00f3n de Asuntos Estudiantiles\" \/>\n<meta property=\"article:modified_time\" content=\"2026-04-29T21:34:39+00:00\" \/>\n<meta property=\"og:image\" content=\"https:\/\/asuntosestudiantiles.uc.cl\/wp-content\/uploads\/2026\/04\/Plantilla-foto-Destacadas-Noticias-y-Noticias-Equipo-DAE-9.png\" \/>\n\t<meta property=\"og:image:width\" content=\"380\" \/>\n\t<meta property=\"og:image:height\" content=\"532\" \/>\n\t<meta property=\"og:image:type\" content=\"image\/png\" \/>\n<meta name=\"twitter:card\" content=\"summary_large_image\" \/>\n<meta name=\"twitter:label1\" content=\"Est. reading time\" \/>\n\t<meta name=\"twitter:data1\" content=\"9 minutes\" \/>\n<script type=\"application\/ld+json\" class=\"yoast-schema-graph\">{\"@context\":\"https:\/\/schema.org\",\"@graph\":[{\"@type\":\"WebPage\",\"@id\":\"https:\/\/asuntosestudiantiles.uc.cl\/en\/noticias\/nicolas-bisquertt-leyenda-del-deporte-uc\/\",\"url\":\"https:\/\/asuntosestudiantiles.uc.cl\/en\/noticias\/nicolas-bisquertt-leyenda-del-deporte-uc\/\",\"name\":\"Nicol\u00e1s Bisquertt: figura del deporte chileno se lanza a terminar su carrera en la UC - Direcci\u00f3n de Asuntos Estudiantiles\",\"isPartOf\":{\"@id\":\"https:\/\/asuntosestudiantiles.uc.cl\/en\/#website\"},\"primaryImageOfPage\":{\"@id\":\"https:\/\/asuntosestudiantiles.uc.cl\/en\/noticias\/nicolas-bisquertt-leyenda-del-deporte-uc\/#primaryimage\"},\"image\":{\"@id\":\"https:\/\/asuntosestudiantiles.uc.cl\/en\/noticias\/nicolas-bisquertt-leyenda-del-deporte-uc\/#primaryimage\"},\"thumbnailUrl\":\"https:\/\/asuntosestudiantiles.uc.cl\/wp-content\/uploads\/2026\/04\/Plantilla-foto-Destacadas-Noticias-y-Noticias-Equipo-DAE-9.png\",\"datePublished\":\"2026-04-29T21:00:19+00:00\",\"dateModified\":\"2026-04-29T21:34:39+00:00\",\"description\":\"Conoce un poco m\u00e1s sobre la historia de Nicol\u00e1s Bisquertt, estudiante UC y leyenda del deporte paral\u00edmpico nacional.\",\"breadcrumb\":{\"@id\":\"https:\/\/asuntosestudiantiles.uc.cl\/en\/noticias\/nicolas-bisquertt-leyenda-del-deporte-uc\/#breadcrumb\"},\"inLanguage\":\"en-US\",\"potentialAction\":[{\"@type\":\"ReadAction\",\"target\":[\"https:\/\/asuntosestudiantiles.uc.cl\/en\/noticias\/nicolas-bisquertt-leyenda-del-deporte-uc\/\"]}]},{\"@type\":\"ImageObject\",\"inLanguage\":\"en-US\",\"@id\":\"https:\/\/asuntosestudiantiles.uc.cl\/en\/noticias\/nicolas-bisquertt-leyenda-del-deporte-uc\/#primaryimage\",\"url\":\"https:\/\/asuntosestudiantiles.uc.cl\/wp-content\/uploads\/2026\/04\/Plantilla-foto-Destacadas-Noticias-y-Noticias-Equipo-DAE-9.png\",\"contentUrl\":\"https:\/\/asuntosestudiantiles.uc.cl\/wp-content\/uploads\/2026\/04\/Plantilla-foto-Destacadas-Noticias-y-Noticias-Equipo-DAE-9.png\",\"width\":380,\"height\":532},{\"@type\":\"BreadcrumbList\",\"@id\":\"https:\/\/asuntosestudiantiles.uc.cl\/en\/noticias\/nicolas-bisquertt-leyenda-del-deporte-uc\/#breadcrumb\",\"itemListElement\":[{\"@type\":\"ListItem\",\"position\":1,\"name\":\"Portada\",\"item\":\"https:\/\/asuntosestudiantiles.uc.cl\/en\/\"},{\"@type\":\"ListItem\",\"position\":2,\"name\":\"Noticias\",\"item\":\"https:\/\/asuntosestudiantiles.uc.cl\/en\/noticias\/\"},{\"@type\":\"ListItem\",\"position\":3,\"name\":\"Nicol\u00e1s Bisquertt: figura del deporte chileno se lanza a terminar su carrera en la UC\"}]},{\"@type\":\"WebSite\",\"@id\":\"https:\/\/asuntosestudiantiles.uc.cl\/en\/#website\",\"url\":\"https:\/\/asuntosestudiantiles.uc.cl\/en\/\",\"name\":\"Direcci\u00f3n de Asuntos Estudiantiles\",\"description\":\"Vive la UC a trav\u00e9s del deporte, la salud, el bienestar y el desarrollo estudiantil\",\"potentialAction\":[{\"@type\":\"SearchAction\",\"target\":{\"@type\":\"EntryPoint\",\"urlTemplate\":\"https:\/\/asuntosestudiantiles.uc.cl\/en\/?s={search_term_string}\"},\"query-input\":{\"@type\":\"PropertyValueSpecification\",\"valueRequired\":true,\"valueName\":\"search_term_string\"}}],\"inLanguage\":\"en-US\"}]}<\/script>\n<!-- \/ Yoast SEO plugin. -->","yoast_head_json":{"title":"Nicol\u00e1s Bisquertt: figura del deporte chileno se lanza a terminar su carrera en la UC - Direcci\u00f3n de Asuntos Estudiantiles","description":"Conoce un poco m\u00e1s sobre la historia de Nicol\u00e1s Bisquertt, estudiante UC y leyenda del deporte paral\u00edmpico nacional.","robots":{"index":"index","follow":"follow","max-snippet":"max-snippet:-1","max-image-preview":"max-image-preview:large","max-video-preview":"max-video-preview:-1"},"canonical":"https:\/\/asuntosestudiantiles.uc.cl\/en\/noticias\/nicolas-bisquertt-leyenda-del-deporte-uc\/","og_locale":"en_US","og_type":"article","og_title":"Nicol\u00e1s Bisquertt: figura del deporte chileno se lanza a terminar su carrera en la UC - Direcci\u00f3n de Asuntos Estudiantiles","og_description":"Conoce un poco m\u00e1s sobre la historia de Nicol\u00e1s Bisquertt, estudiante UC y leyenda del deporte paral\u00edmpico nacional.","og_url":"https:\/\/asuntosestudiantiles.uc.cl\/en\/noticias\/nicolas-bisquertt-leyenda-del-deporte-uc\/","og_site_name":"Direcci\u00f3n de Asuntos Estudiantiles","article_modified_time":"2026-04-29T21:34:39+00:00","og_image":[{"width":380,"height":532,"url":"https:\/\/asuntosestudiantiles.uc.cl\/wp-content\/uploads\/2026\/04\/Plantilla-foto-Destacadas-Noticias-y-Noticias-Equipo-DAE-9.png","type":"image\/png"}],"twitter_card":"summary_large_image","twitter_misc":{"Est. reading time":"9 minutes"},"schema":{"@context":"https:\/\/schema.org","@graph":[{"@type":"WebPage","@id":"https:\/\/asuntosestudiantiles.uc.cl\/en\/noticias\/nicolas-bisquertt-leyenda-del-deporte-uc\/","url":"https:\/\/asuntosestudiantiles.uc.cl\/en\/noticias\/nicolas-bisquertt-leyenda-del-deporte-uc\/","name":"Nicol\u00e1s Bisquertt: figura del deporte chileno se lanza a terminar su carrera en la UC - Direcci\u00f3n de Asuntos Estudiantiles","isPartOf":{"@id":"https:\/\/asuntosestudiantiles.uc.cl\/en\/#website"},"primaryImageOfPage":{"@id":"https:\/\/asuntosestudiantiles.uc.cl\/en\/noticias\/nicolas-bisquertt-leyenda-del-deporte-uc\/#primaryimage"},"image":{"@id":"https:\/\/asuntosestudiantiles.uc.cl\/en\/noticias\/nicolas-bisquertt-leyenda-del-deporte-uc\/#primaryimage"},"thumbnailUrl":"https:\/\/asuntosestudiantiles.uc.cl\/wp-content\/uploads\/2026\/04\/Plantilla-foto-Destacadas-Noticias-y-Noticias-Equipo-DAE-9.png","datePublished":"2026-04-29T21:00:19+00:00","dateModified":"2026-04-29T21:34:39+00:00","description":"Conoce un poco m\u00e1s sobre la historia de Nicol\u00e1s Bisquertt, estudiante UC y leyenda del deporte paral\u00edmpico nacional.","breadcrumb":{"@id":"https:\/\/asuntosestudiantiles.uc.cl\/en\/noticias\/nicolas-bisquertt-leyenda-del-deporte-uc\/#breadcrumb"},"inLanguage":"en-US","potentialAction":[{"@type":"ReadAction","target":["https:\/\/asuntosestudiantiles.uc.cl\/en\/noticias\/nicolas-bisquertt-leyenda-del-deporte-uc\/"]}]},{"@type":"ImageObject","inLanguage":"en-US","@id":"https:\/\/asuntosestudiantiles.uc.cl\/en\/noticias\/nicolas-bisquertt-leyenda-del-deporte-uc\/#primaryimage","url":"https:\/\/asuntosestudiantiles.uc.cl\/wp-content\/uploads\/2026\/04\/Plantilla-foto-Destacadas-Noticias-y-Noticias-Equipo-DAE-9.png","contentUrl":"https:\/\/asuntosestudiantiles.uc.cl\/wp-content\/uploads\/2026\/04\/Plantilla-foto-Destacadas-Noticias-y-Noticias-Equipo-DAE-9.png","width":380,"height":532},{"@type":"BreadcrumbList","@id":"https:\/\/asuntosestudiantiles.uc.cl\/en\/noticias\/nicolas-bisquertt-leyenda-del-deporte-uc\/#breadcrumb","itemListElement":[{"@type":"ListItem","position":1,"name":"Portada","item":"https:\/\/asuntosestudiantiles.uc.cl\/en\/"},{"@type":"ListItem","position":2,"name":"Noticias","item":"https:\/\/asuntosestudiantiles.uc.cl\/en\/noticias\/"},{"@type":"ListItem","position":3,"name":"Nicol\u00e1s Bisquertt: figura del deporte chileno se lanza a terminar su carrera en la UC"}]},{"@type":"WebSite","@id":"https:\/\/asuntosestudiantiles.uc.cl\/en\/#website","url":"https:\/\/asuntosestudiantiles.uc.cl\/en\/","name":"Direcci\u00f3n de Asuntos Estudiantiles","description":"Vive la UC a trav\u00e9s del deporte, la salud, el bienestar y el desarrollo estudiantil","potentialAction":[{"@type":"SearchAction","target":{"@type":"EntryPoint","urlTemplate":"https:\/\/asuntosestudiantiles.uc.cl\/en\/?s={search_term_string}"},"query-input":{"@type":"PropertyValueSpecification","valueRequired":true,"valueName":"search_term_string"}}],"inLanguage":"en-US"}]}},"_links":{"self":[{"href":"https:\/\/asuntosestudiantiles.uc.cl\/en\/wp-json\/wp\/v2\/noticias\/17985","targetHints":{"allow":["GET"]}}],"collection":[{"href":"https:\/\/asuntosestudiantiles.uc.cl\/en\/wp-json\/wp\/v2\/noticias"}],"about":[{"href":"https:\/\/asuntosestudiantiles.uc.cl\/en\/wp-json\/wp\/v2\/types\/noticias"}],"author":[{"embeddable":true,"href":"https:\/\/asuntosestudiantiles.uc.cl\/en\/wp-json\/wp\/v2\/users\/7"}],"replies":[{"embeddable":true,"href":"https:\/\/asuntosestudiantiles.uc.cl\/en\/wp-json\/wp\/v2\/comments?post=17985"}],"version-history":[{"count":5,"href":"https:\/\/asuntosestudiantiles.uc.cl\/en\/wp-json\/wp\/v2\/noticias\/17985\/revisions"}],"predecessor-version":[{"id":18081,"href":"https:\/\/asuntosestudiantiles.uc.cl\/en\/wp-json\/wp\/v2\/noticias\/17985\/revisions\/18081"}],"wp:featuredmedia":[{"embeddable":true,"href":"https:\/\/asuntosestudiantiles.uc.cl\/en\/wp-json\/wp\/v2\/media\/17993"}],"wp:attachment":[{"href":"https:\/\/asuntosestudiantiles.uc.cl\/en\/wp-json\/wp\/v2\/media?parent=17985"}],"wp:term":[{"taxonomy":"temas","embeddable":true,"href":"https:\/\/asuntosestudiantiles.uc.cl\/en\/wp-json\/wp\/v2\/temas?post=17985"}],"curies":[{"name":"wp","href":"https:\/\/api.w.org\/{rel}","templated":true}]}}