
{"id":2228,"date":"2023-11-10T12:17:00","date_gmt":"2023-11-10T12:17:00","guid":{"rendered":"https:\/\/skymedia.works\/dae\/?post_type=noticias&#038;p=2228"},"modified":"2024-03-25T12:20:04","modified_gmt":"2024-03-25T12:20:04","slug":"m-paz-jana-en-congreso-internacional-es-importante-promover-la-salud-y-destacar-los-beneficios-del-bienestar-estudiantil","status":"publish","type":"noticias","link":"https:\/\/asuntosestudiantiles.uc.cl\/en\/noticias\/m-paz-jana-en-congreso-internacional-es-importante-promover-la-salud-y-destacar-los-beneficios-del-bienestar-estudiantil\/","title":{"rendered":"M. Paz Jana, en congreso internacional: \u201cEs importante promover la salud y destacar los beneficios del bienestar estudiantil\u201d"},"content":{"rendered":"\n<p><em>Durante dos d\u00edas, el Congreso Internacional Promoviendo Salud en Educaci\u00f3n Superior fue una instancia para que m\u00e1s de 200 profesionales, de distintas universidades y pa\u00edses, pudieron estrechar lazos, compartir novedades, experiencias y buenas pr\u00e1cticas sobre su quehacer, as\u00ed como definir desaf\u00edos clave en torno a visibilizar y potenciar los servicios de salud en las instituciones, y continuar avanzando en la promoci\u00f3n del bienestar estudiantil en los entornos educativos. Tres charlas magistrales que cautivaron al p\u00fablico, cerca de 40 ponencias sobre variados temas a cargo de profesionales de distintas universidades, y un rico intercambio de experiencias y buenas pr\u00e1cticas fueron el sello del I Congreso Internacional Promoviendo Salud en Educaci\u00f3n Superior, que se realiz\u00f3 el 25 y 26 de octubre, en Casa Central UC.<\/em><\/p>\n\n\n\n<p>M\u00e1s de 200 personas, provenientes de decenas de instituciones de Chile, Canad\u00e1, Puerto Rico, Colombia y M\u00e9xico, fueron los protagonistas de este gran encuentro, donde pudieron compartir buenas pr\u00e1cticas y novedades sobre c\u00f3mo se est\u00e1n abordando los distintos temas de salud que impactan a estudiantes universitarios hoy en d\u00eda, en tem\u00e1ticas tan relevantes y transversales como salud mental, salud f\u00edsica y entornos promotores de salud.<\/p>\n\n\n\n<p>Asimismo, la instancia contribuy\u00f3 a visibilizar la importancia de la salud y el bienestar estudiantil, visto no solo como servicios para tratar problemas de los\/as j\u00f3venes, sino tambi\u00e9n como iniciativas que promuevan estilos de vida saludable y prevengan enfermedades. Por \u00faltimo, como indicaron varios asistentes, este congreso fue un valioso espacios para generar redes y potenciar el trabajo colaborativo entre las distintas instituciones.<\/p>\n\n\n\n<p>Mar\u00eda Paz Jana, directora de Salud y Bienestar Estudiantil de la DAE, demostr\u00f3 su satosfacci\u00f3n al final del encuentro: \u201cFue muy emocionante organizar este congreso, era un desaf\u00edo para nosotros. Nos sentimos muy orgullosos por haber logrado convocar a tantas universidades, las ponencias fueron muy interesantes, la gente est\u00e1 muy agradecida por la instancia, por poder compartir buenas pr\u00e1cticas entre quienes hacemos lo mismo. Se generaron reflexiones muy profundas y, sobre todo, conectividad\u201d.<\/p>\n\n\n\n<p>En la misma l\u00ednea, Patricia Mu\u00f1oz, subdirectora de Asuntos Estudiantiles de la Facultad de Ingenier\u00eda de la U. de Chile, coment\u00f3: \u201cLo m\u00e1s valioso que me llevo de este congreso es la oportunidad de entablar redes con colegas de otras universidades, estar al d\u00eda sobre lo que se est\u00e1 haciendo en otros lugares para apoyar a nuestros estudiantes, conocer bases te\u00f3ricas de temas que nosotros tambi\u00e9n estamos desarrollando y extraer ideas sobre c\u00f3mo evaluar programas y servicios que hoy brindamos pero que necesitamos tener m\u00e1s retroalimentaci\u00f3n de nuestros alumnos\u201d.<\/p>\n\n\n\n<p>Por su parte, Andrea Torres, integrante de Salud y Bienestar Estudiantil UC, valor\u00f3 la oportunidad de seguir aprendiendo y conociendo buenas pr\u00e1cticas, para mejorar los servicios: \u201cFue un espacio de buenas pr\u00e1cticas, para seguir aprendiendo y entregando las mejores herramientas para los estudiantes. Conocimos propuestas de otras universidades que podemos integrar en nuestros propios servicios m\u00e1s adelante\u201d.<\/p>\n\n\n\n<p>Tres fueron las charlas magistrales del congreso, estuvieron a cargo de los expertos Dr. Peter Cornish, Dr. Rodrigo Giacaman y Dr. Hiram Arroyo, y versaron sobre salud mental, salud oral y promoci\u00f3n de salud en educaci\u00f3n superior, respectivamente.<\/p>\n\n\n\n<p>En tanto, durante los dos d\u00edas en que se desarroll\u00f3 el congreso, se realizaron 36 ponencias desplegadas en mesas tem\u00e1ticas, sobre muy diversos temas: regulaci\u00f3n emocional, prevenci\u00f3n de enfermedades, cuidado de otros en entornos estudiantiles, promoci\u00f3n de salud en la academia, prevenci\u00f3n de riesgo suicida, metodolog\u00eda de pares y ambientes libres de humo, entre otros. En estas instancias participaron profesionales y docentes de la UC (muchos de ellos, de distintas \u00e1reas de la DAE), U. de Chile, U. La Serena, U. Concepci\u00f3n, U. Finis Terrae, U. O\u2019Higgins, U. Valpara\u00edso, U. EAN de Colombia y TEC de Monterrey, entre otras.<\/p>\n\n\n\n<p>A modo de cierre, durante la \u00faltima jornada del congreso, Mar\u00eda Paz Jana se\u00f1al\u00f3 algunos desaf\u00edos relacionados con c\u00f3mo seguir avanzando en la promoci\u00f3n y prevenci\u00f3n en salud universitaria.<\/p>\n\n\n\n<p>Sostuvo que es necesario fortalecer, en docentes y administrativos, conceptos e importancia del bienestar estudiantil, \u201cpara que m\u00e1s gente sepa qu\u00e9 hacer, no necesitamos ser todos profesionales de la salud para ayudar a alguien, dar una recomendaci\u00f3n a alguien que est\u00e1 atravesando por una dificultad o que tiene dudas\u201d. Ampliar la oferta de servicios para estudiantes, pensando en intervenciones breves y soluciones, es otro de los retos: \u201cLos estudiantes buscan servicios acotados, acorde a sus necesidades y al poco tiempo que tienen, pero siempre que sean de calidad, que les sea de utilidad\u201d, coment\u00f3.<\/p>\n\n\n\n<p>Otro de los retos refiere a supervisar los servicios de manera regular, chequear siempre c\u00f3mo est\u00e1n funcionando, qu\u00e9 falta, c\u00f3mo podemos mejorar, qu\u00e9 dudas est\u00e1n teniendo los estudiantes, de modo de ir ajustando los servicios. \u201cPorque lo que menos queremos es tener servicios est\u00e1ticos, porque tenemos una comunidad viva que nos va indicando sus necesidades en relaci\u00f3n a salud y bienestar estudiantil. Finalmente, asegur\u00f3 que seguir mejorando en infraestructura es fundamental y cr\u00edtico: \u201cLos establecimientos educativos tienen que mostrarle a su comunidad que la salud y el bienestar son fundamentales en su quehacer\u201d, sentenci\u00f3.<\/p>\n","protected":false},"excerpt":{"rendered":"<p>Durante dos d\u00edas, el Congreso Internacional Promoviendo Salud en Educaci\u00f3n Superior fue una instancia para que m\u00e1s de 200 profesionales, de distintas universidades y pa\u00edses, pudieron estrechar lazos, compartir novedades, experiencias y buenas pr\u00e1cticas sobre su quehacer, as\u00ed como definir desaf\u00edos clave en torno a visibilizar y potenciar los servicios de salud en las instituciones, [&hellip;]<\/p>\n","protected":false},"author":1,"featured_media":2220,"menu_order":0,"comment_status":"closed","ping_status":"open","template":"","format":"standard","meta":{"_acf_changed":false,"footnotes":""},"temas":[441,430],"class_list":["post-2228","noticias","type-noticias","status-publish","format-standard","has-post-thumbnail","hentry","temas-congreso","temas-salud-y-bienestar"],"acf":[],"yoast_head":"<!-- This site is optimized with the Yoast SEO plugin v23.6 - https:\/\/yoast.com\/wordpress\/plugins\/seo\/ -->\n<title>M. Paz Jana, en congreso internacional: \u201cEs importante promover la salud y destacar los beneficios del bienestar estudiantil\u201d - Direcci\u00f3n de Asuntos Estudiantiles<\/title>\n<meta name=\"description\" content=\"Ent\u00e9rate de todo lo que ocurre en la vida estudiantil de la UC y c\u00f3mo aprovechar al m\u00e1ximo tu experiencia universitaria\" \/>\n<meta name=\"robots\" content=\"index, follow, max-snippet:-1, max-image-preview:large, max-video-preview:-1\" \/>\n<link rel=\"canonical\" href=\"https:\/\/asuntosestudiantiles.uc.cl\/en\/noticias\/m-paz-jana-en-congreso-internacional-es-importante-promover-la-salud-y-destacar-los-beneficios-del-bienestar-estudiantil\/\" \/>\n<meta property=\"og:locale\" content=\"en_US\" \/>\n<meta property=\"og:type\" content=\"article\" \/>\n<meta property=\"og:title\" content=\"M. Paz Jana, en congreso internacional: \u201cEs importante promover la salud y destacar los beneficios del bienestar estudiantil\u201d - Direcci\u00f3n de Asuntos Estudiantiles\" \/>\n<meta property=\"og:description\" content=\"Ent\u00e9rate de todo lo que ocurre en la vida estudiantil de la UC y c\u00f3mo aprovechar al m\u00e1ximo tu experiencia universitaria\" \/>\n<meta property=\"og:url\" content=\"https:\/\/asuntosestudiantiles.uc.cl\/en\/noticias\/m-paz-jana-en-congreso-internacional-es-importante-promover-la-salud-y-destacar-los-beneficios-del-bienestar-estudiantil\/\" \/>\n<meta property=\"og:site_name\" content=\"Direcci\u00f3n de Asuntos Estudiantiles\" \/>\n<meta property=\"article:modified_time\" content=\"2024-03-25T12:20:04+00:00\" \/>\n<meta property=\"og:image\" content=\"https:\/\/asuntosestudiantiles.uc.cl\/wp-content\/uploads\/2024\/03\/2023_congresointernacional_sybe_ppal.png\" \/>\n\t<meta property=\"og:image:width\" content=\"545\" \/>\n\t<meta property=\"og:image:height\" content=\"700\" \/>\n\t<meta property=\"og:image:type\" content=\"image\/png\" \/>\n<meta name=\"twitter:card\" content=\"summary_large_image\" \/>\n<meta name=\"twitter:label1\" content=\"Est. reading time\" \/>\n\t<meta name=\"twitter:data1\" content=\"4 minutes\" \/>\n<script type=\"application\/ld+json\" class=\"yoast-schema-graph\">{\"@context\":\"https:\/\/schema.org\",\"@graph\":[{\"@type\":\"WebPage\",\"@id\":\"https:\/\/asuntosestudiantiles.uc.cl\/en\/noticias\/m-paz-jana-en-congreso-internacional-es-importante-promover-la-salud-y-destacar-los-beneficios-del-bienestar-estudiantil\/\",\"url\":\"https:\/\/asuntosestudiantiles.uc.cl\/en\/noticias\/m-paz-jana-en-congreso-internacional-es-importante-promover-la-salud-y-destacar-los-beneficios-del-bienestar-estudiantil\/\",\"name\":\"M. Paz Jana, en congreso internacional: \u201cEs importante promover la salud y destacar los beneficios del bienestar estudiantil\u201d - Direcci\u00f3n de Asuntos Estudiantiles\",\"isPartOf\":{\"@id\":\"https:\/\/asuntosestudiantiles.uc.cl\/en\/#website\"},\"primaryImageOfPage\":{\"@id\":\"https:\/\/asuntosestudiantiles.uc.cl\/en\/noticias\/m-paz-jana-en-congreso-internacional-es-importante-promover-la-salud-y-destacar-los-beneficios-del-bienestar-estudiantil\/#primaryimage\"},\"image\":{\"@id\":\"https:\/\/asuntosestudiantiles.uc.cl\/en\/noticias\/m-paz-jana-en-congreso-internacional-es-importante-promover-la-salud-y-destacar-los-beneficios-del-bienestar-estudiantil\/#primaryimage\"},\"thumbnailUrl\":\"https:\/\/asuntosestudiantiles.uc.cl\/wp-content\/uploads\/2024\/03\/2023_congresointernacional_sybe_ppal.png\",\"datePublished\":\"2023-11-10T12:17:00+00:00\",\"dateModified\":\"2024-03-25T12:20:04+00:00\",\"description\":\"Ent\u00e9rate de todo lo que ocurre en la vida estudiantil de la UC y c\u00f3mo aprovechar al m\u00e1ximo tu experiencia universitaria\",\"breadcrumb\":{\"@id\":\"https:\/\/asuntosestudiantiles.uc.cl\/en\/noticias\/m-paz-jana-en-congreso-internacional-es-importante-promover-la-salud-y-destacar-los-beneficios-del-bienestar-estudiantil\/#breadcrumb\"},\"inLanguage\":\"en-US\",\"potentialAction\":[{\"@type\":\"ReadAction\",\"target\":[\"https:\/\/asuntosestudiantiles.uc.cl\/en\/noticias\/m-paz-jana-en-congreso-internacional-es-importante-promover-la-salud-y-destacar-los-beneficios-del-bienestar-estudiantil\/\"]}]},{\"@type\":\"ImageObject\",\"inLanguage\":\"en-US\",\"@id\":\"https:\/\/asuntosestudiantiles.uc.cl\/en\/noticias\/m-paz-jana-en-congreso-internacional-es-importante-promover-la-salud-y-destacar-los-beneficios-del-bienestar-estudiantil\/#primaryimage\",\"url\":\"https:\/\/asuntosestudiantiles.uc.cl\/wp-content\/uploads\/2024\/03\/2023_congresointernacional_sybe_ppal.png\",\"contentUrl\":\"https:\/\/asuntosestudiantiles.uc.cl\/wp-content\/uploads\/2024\/03\/2023_congresointernacional_sybe_ppal.png\",\"width\":545,\"height\":700,\"caption\":\"Escena de ultimas charlas del congreso\"},{\"@type\":\"BreadcrumbList\",\"@id\":\"https:\/\/asuntosestudiantiles.uc.cl\/en\/noticias\/m-paz-jana-en-congreso-internacional-es-importante-promover-la-salud-y-destacar-los-beneficios-del-bienestar-estudiantil\/#breadcrumb\",\"itemListElement\":[{\"@type\":\"ListItem\",\"position\":1,\"name\":\"Portada\",\"item\":\"https:\/\/asuntosestudiantiles.uc.cl\/en\/\"},{\"@type\":\"ListItem\",\"position\":2,\"name\":\"Noticias\",\"item\":\"https:\/\/asuntosestudiantiles.uc.cl\/en\/noticias\/\"},{\"@type\":\"ListItem\",\"position\":3,\"name\":\"M. Paz Jana, en congreso internacional: \u201cEs importante promover la salud y destacar los beneficios del bienestar estudiantil\u201d\"}]},{\"@type\":\"WebSite\",\"@id\":\"https:\/\/asuntosestudiantiles.uc.cl\/en\/#website\",\"url\":\"https:\/\/asuntosestudiantiles.uc.cl\/en\/\",\"name\":\"Direcci\u00f3n de Asuntos Estudiantiles\",\"description\":\"Vive la UC a trav\u00e9s del deporte, la salud, el bienestar y el desarrollo estudiantil\",\"potentialAction\":[{\"@type\":\"SearchAction\",\"target\":{\"@type\":\"EntryPoint\",\"urlTemplate\":\"https:\/\/asuntosestudiantiles.uc.cl\/en\/?s={search_term_string}\"},\"query-input\":{\"@type\":\"PropertyValueSpecification\",\"valueRequired\":true,\"valueName\":\"search_term_string\"}}],\"inLanguage\":\"en-US\"}]}<\/script>\n<!-- \/ Yoast SEO plugin. -->","yoast_head_json":{"title":"M. Paz Jana, en congreso internacional: \u201cEs importante promover la salud y destacar los beneficios del bienestar estudiantil\u201d - Direcci\u00f3n de Asuntos Estudiantiles","description":"Ent\u00e9rate de todo lo que ocurre en la vida estudiantil de la UC y c\u00f3mo aprovechar al m\u00e1ximo tu experiencia universitaria","robots":{"index":"index","follow":"follow","max-snippet":"max-snippet:-1","max-image-preview":"max-image-preview:large","max-video-preview":"max-video-preview:-1"},"canonical":"https:\/\/asuntosestudiantiles.uc.cl\/en\/noticias\/m-paz-jana-en-congreso-internacional-es-importante-promover-la-salud-y-destacar-los-beneficios-del-bienestar-estudiantil\/","og_locale":"en_US","og_type":"article","og_title":"M. Paz Jana, en congreso internacional: \u201cEs importante promover la salud y destacar los beneficios del bienestar estudiantil\u201d - Direcci\u00f3n de Asuntos Estudiantiles","og_description":"Ent\u00e9rate de todo lo que ocurre en la vida estudiantil de la UC y c\u00f3mo aprovechar al m\u00e1ximo tu experiencia universitaria","og_url":"https:\/\/asuntosestudiantiles.uc.cl\/en\/noticias\/m-paz-jana-en-congreso-internacional-es-importante-promover-la-salud-y-destacar-los-beneficios-del-bienestar-estudiantil\/","og_site_name":"Direcci\u00f3n de Asuntos Estudiantiles","article_modified_time":"2024-03-25T12:20:04+00:00","og_image":[{"width":545,"height":700,"url":"https:\/\/asuntosestudiantiles.uc.cl\/wp-content\/uploads\/2024\/03\/2023_congresointernacional_sybe_ppal.png","type":"image\/png"}],"twitter_card":"summary_large_image","twitter_misc":{"Est. reading time":"4 minutes"},"schema":{"@context":"https:\/\/schema.org","@graph":[{"@type":"WebPage","@id":"https:\/\/asuntosestudiantiles.uc.cl\/en\/noticias\/m-paz-jana-en-congreso-internacional-es-importante-promover-la-salud-y-destacar-los-beneficios-del-bienestar-estudiantil\/","url":"https:\/\/asuntosestudiantiles.uc.cl\/en\/noticias\/m-paz-jana-en-congreso-internacional-es-importante-promover-la-salud-y-destacar-los-beneficios-del-bienestar-estudiantil\/","name":"M. Paz Jana, en congreso internacional: \u201cEs importante promover la salud y destacar los beneficios del bienestar estudiantil\u201d - Direcci\u00f3n de Asuntos Estudiantiles","isPartOf":{"@id":"https:\/\/asuntosestudiantiles.uc.cl\/en\/#website"},"primaryImageOfPage":{"@id":"https:\/\/asuntosestudiantiles.uc.cl\/en\/noticias\/m-paz-jana-en-congreso-internacional-es-importante-promover-la-salud-y-destacar-los-beneficios-del-bienestar-estudiantil\/#primaryimage"},"image":{"@id":"https:\/\/asuntosestudiantiles.uc.cl\/en\/noticias\/m-paz-jana-en-congreso-internacional-es-importante-promover-la-salud-y-destacar-los-beneficios-del-bienestar-estudiantil\/#primaryimage"},"thumbnailUrl":"https:\/\/asuntosestudiantiles.uc.cl\/wp-content\/uploads\/2024\/03\/2023_congresointernacional_sybe_ppal.png","datePublished":"2023-11-10T12:17:00+00:00","dateModified":"2024-03-25T12:20:04+00:00","description":"Ent\u00e9rate de todo lo que ocurre en la vida estudiantil de la UC y c\u00f3mo aprovechar al m\u00e1ximo tu experiencia universitaria","breadcrumb":{"@id":"https:\/\/asuntosestudiantiles.uc.cl\/en\/noticias\/m-paz-jana-en-congreso-internacional-es-importante-promover-la-salud-y-destacar-los-beneficios-del-bienestar-estudiantil\/#breadcrumb"},"inLanguage":"en-US","potentialAction":[{"@type":"ReadAction","target":["https:\/\/asuntosestudiantiles.uc.cl\/en\/noticias\/m-paz-jana-en-congreso-internacional-es-importante-promover-la-salud-y-destacar-los-beneficios-del-bienestar-estudiantil\/"]}]},{"@type":"ImageObject","inLanguage":"en-US","@id":"https:\/\/asuntosestudiantiles.uc.cl\/en\/noticias\/m-paz-jana-en-congreso-internacional-es-importante-promover-la-salud-y-destacar-los-beneficios-del-bienestar-estudiantil\/#primaryimage","url":"https:\/\/asuntosestudiantiles.uc.cl\/wp-content\/uploads\/2024\/03\/2023_congresointernacional_sybe_ppal.png","contentUrl":"https:\/\/asuntosestudiantiles.uc.cl\/wp-content\/uploads\/2024\/03\/2023_congresointernacional_sybe_ppal.png","width":545,"height":700,"caption":"Escena de ultimas charlas del congreso"},{"@type":"BreadcrumbList","@id":"https:\/\/asuntosestudiantiles.uc.cl\/en\/noticias\/m-paz-jana-en-congreso-internacional-es-importante-promover-la-salud-y-destacar-los-beneficios-del-bienestar-estudiantil\/#breadcrumb","itemListElement":[{"@type":"ListItem","position":1,"name":"Portada","item":"https:\/\/asuntosestudiantiles.uc.cl\/en\/"},{"@type":"ListItem","position":2,"name":"Noticias","item":"https:\/\/asuntosestudiantiles.uc.cl\/en\/noticias\/"},{"@type":"ListItem","position":3,"name":"M. Paz Jana, en congreso internacional: \u201cEs importante promover la salud y destacar los beneficios del bienestar estudiantil\u201d"}]},{"@type":"WebSite","@id":"https:\/\/asuntosestudiantiles.uc.cl\/en\/#website","url":"https:\/\/asuntosestudiantiles.uc.cl\/en\/","name":"Direcci\u00f3n de Asuntos Estudiantiles","description":"Vive la UC a trav\u00e9s del deporte, la salud, el bienestar y el desarrollo estudiantil","potentialAction":[{"@type":"SearchAction","target":{"@type":"EntryPoint","urlTemplate":"https:\/\/asuntosestudiantiles.uc.cl\/en\/?s={search_term_string}"},"query-input":{"@type":"PropertyValueSpecification","valueRequired":true,"valueName":"search_term_string"}}],"inLanguage":"en-US"}]}},"_links":{"self":[{"href":"https:\/\/asuntosestudiantiles.uc.cl\/en\/wp-json\/wp\/v2\/noticias\/2228","targetHints":{"allow":["GET"]}}],"collection":[{"href":"https:\/\/asuntosestudiantiles.uc.cl\/en\/wp-json\/wp\/v2\/noticias"}],"about":[{"href":"https:\/\/asuntosestudiantiles.uc.cl\/en\/wp-json\/wp\/v2\/types\/noticias"}],"author":[{"embeddable":true,"href":"https:\/\/asuntosestudiantiles.uc.cl\/en\/wp-json\/wp\/v2\/users\/1"}],"replies":[{"embeddable":true,"href":"https:\/\/asuntosestudiantiles.uc.cl\/en\/wp-json\/wp\/v2\/comments?post=2228"}],"version-history":[{"count":0,"href":"https:\/\/asuntosestudiantiles.uc.cl\/en\/wp-json\/wp\/v2\/noticias\/2228\/revisions"}],"wp:featuredmedia":[{"embeddable":true,"href":"https:\/\/asuntosestudiantiles.uc.cl\/en\/wp-json\/wp\/v2\/media\/2220"}],"wp:attachment":[{"href":"https:\/\/asuntosestudiantiles.uc.cl\/en\/wp-json\/wp\/v2\/media?parent=2228"}],"wp:term":[{"taxonomy":"temas","embeddable":true,"href":"https:\/\/asuntosestudiantiles.uc.cl\/en\/wp-json\/wp\/v2\/temas?post=2228"}],"curies":[{"name":"wp","href":"https:\/\/api.w.org\/{rel}","templated":true}]}}