
{"id":724,"date":"2023-06-15T00:00:00","date_gmt":"2023-06-15T00:00:00","guid":{"rendered":"https:\/\/skymedia.works\/dae\/noticias\/el-cara-te-orienta-en-el-cierre-del-semestre\/"},"modified":"2024-04-04T14:59:05","modified_gmt":"2024-04-04T14:59:05","slug":"el-cara-te-orienta-en-el-cierre-del-semestre","status":"publish","type":"noticias","link":"https:\/\/asuntosestudiantiles.uc.cl\/en\/noticias\/el-cara-te-orienta-en-el-cierre-del-semestre\/","title":{"rendered":"El CARA te orienta en el cierre del semestre"},"content":{"rendered":"<p>Saber invertir los recursos necesarios, gestionar los descansos, estudiar en ciclos cortos y tener una meta son algunas acciones que te permitir\u00e1n tener un mejor desempe\u00f1o durante este tramo final<br \/>\nEl cierre de semestre siempre puede ser agotador. Querer rendir en todo de forma correcta puede generar una presi\u00f3n extra. En la \u00faltima etapa del a\u00f1o, el CARA UC te orienta y ayuda con consejos para que tengas un final de periodo exitoso. <\/p>\n<p>La gesti\u00f3n del tiempo es al final del d\u00eda la gesti\u00f3n de los descansos. Tal como dice la jefa del CARA, Ang\u00e9lica Bustos, mantener el equilibrio entre el trabajo, el ocio y el sue\u00f1o es fundamental. Lo \u00faltimo, dado que el sue\u00f1o es clave para el aprendizaje ya que es en el descanso nocturno que los aprendizajes se asientan.<\/p>\n<p>\u201cEs importante que se cuiden y protejan sus relaciones sociales, el descanso y dormir bien. El aprendizaje depende de su biolog\u00eda. Si se descuida eso se hace m\u00e1s dif\u00edcil aprender. Eso es muy importante siempre y particularmente a final de semestre\u201d.<\/p>\n<p>Saber definir c\u00f3mo, en qu\u00e9 y cu\u00e1ndo invertir los recursos necesarios. Esto influir\u00e1 en un proceso de estudio m\u00e1s efectivo, adem\u00e1s de facilitar tu motivaci\u00f3n acad\u00e9mica y tener mayor bienestar general.<\/p>\n<p>Estudia en ciclos cortos. En ese sentido, es vital que puedas respetar la concentraci\u00f3n y eliminar posibles distractores. Es importante que no sean m\u00e1s de 40 minutos. Incluso, si tienes que estudiar varias horas, es m\u00e1s eficiente haci\u00e9ndolo en periodos cortos y descansando algunos minutos entremedio. <\/p>\n<p>Ten una meta. Relacionado con el punto anterior, cada ciclo de estudio tiene que tener una meta. Esto, porque trabajar sin metas tiende a ser menos efectivo por regla general.<\/p>\n<p>\u00a1Ap\u00f3yate! Es importante que en el momento en el que te enfrentas al cierre del periodo acad\u00e9mico cuentes con el apoyo de tus redes de contactos. \u201cLa b\u00fasqueda de ayuda es crucial. Es bueno apoyarse en redes amigos, familias, docentes, ayudantes, etc.\u201d, cuenta Cristi\u00e1n Saavedra, psic\u00f3logo del CARA.<\/p>\n","protected":false},"excerpt":{"rendered":"<p>Saber invertir los recursos necesarios, gestionar los descansos, estudiar en ciclos cortos y tener una meta son algunas acciones que te permitir\u00e1n tener un mejor desempe\u00f1o durante este tramo final El cierre de semestre siempre puede ser agotador. Querer rendir en todo de forma correcta puede generar una presi\u00f3n extra. En la \u00faltima etapa del [&hellip;]<\/p>\n","protected":false},"author":1,"featured_media":2307,"menu_order":0,"comment_status":"open","ping_status":"open","template":"","format":"standard","meta":{"_acf_changed":false,"footnotes":""},"temas":[79,193,194,198,199,196,195,197,200],"class_list":["post-724","noticias","type-noticias","status-publish","format-standard","has-post-thumbnail","hentry","temas-ayudantias","temas-cara","temas-carauc","temas-concentracion","temas-conversatorios","temas-estudios","temas-rendimiento","temas-talleres","temas-tutorias"],"acf":[],"yoast_head":"<!-- This site is optimized with the Yoast SEO plugin v23.6 - https:\/\/yoast.com\/wordpress\/plugins\/seo\/ -->\n<title>El CARA te orienta en el cierre del semestre - Direcci\u00f3n de Asuntos Estudiantiles<\/title>\n<meta name=\"description\" content=\"Ent\u00e9rate de todo lo que ocurre en la vida estudiantil de la UC y c\u00f3mo aprovechar al m\u00e1ximo tu experiencia universitaria\" \/>\n<meta name=\"robots\" content=\"index, follow, max-snippet:-1, max-image-preview:large, max-video-preview:-1\" \/>\n<link rel=\"canonical\" href=\"https:\/\/asuntosestudiantiles.uc.cl\/en\/noticias\/el-cara-te-orienta-en-el-cierre-del-semestre\/\" \/>\n<meta property=\"og:locale\" content=\"en_US\" \/>\n<meta property=\"og:type\" content=\"article\" \/>\n<meta property=\"og:title\" content=\"El CARA te orienta en el cierre del semestre - Direcci\u00f3n de Asuntos Estudiantiles\" \/>\n<meta property=\"og:description\" content=\"Ent\u00e9rate de todo lo que ocurre en la vida estudiantil de la UC y c\u00f3mo aprovechar al m\u00e1ximo tu experiencia universitaria\" \/>\n<meta property=\"og:url\" content=\"https:\/\/asuntosestudiantiles.uc.cl\/en\/noticias\/el-cara-te-orienta-en-el-cierre-del-semestre\/\" \/>\n<meta property=\"og:site_name\" content=\"Direcci\u00f3n de Asuntos Estudiantiles\" \/>\n<meta property=\"article:modified_time\" content=\"2024-04-04T14:59:05+00:00\" \/>\n<meta property=\"og:image\" content=\"https:\/\/asuntosestudiantiles.uc.cl\/wp-content\/uploads\/2024\/04\/2023_elcara_teorienta_ppal.png\" \/>\n\t<meta property=\"og:image:width\" content=\"545\" \/>\n\t<meta property=\"og:image:height\" content=\"700\" \/>\n\t<meta property=\"og:image:type\" content=\"image\/png\" \/>\n<meta name=\"twitter:card\" content=\"summary_large_image\" \/>\n<meta name=\"twitter:label1\" content=\"Est. reading time\" \/>\n\t<meta name=\"twitter:data1\" content=\"2 minutes\" \/>\n<script type=\"application\/ld+json\" class=\"yoast-schema-graph\">{\"@context\":\"https:\/\/schema.org\",\"@graph\":[{\"@type\":\"WebPage\",\"@id\":\"https:\/\/asuntosestudiantiles.uc.cl\/en\/noticias\/el-cara-te-orienta-en-el-cierre-del-semestre\/\",\"url\":\"https:\/\/asuntosestudiantiles.uc.cl\/en\/noticias\/el-cara-te-orienta-en-el-cierre-del-semestre\/\",\"name\":\"El CARA te orienta en el cierre del semestre - Direcci\u00f3n de Asuntos Estudiantiles\",\"isPartOf\":{\"@id\":\"https:\/\/asuntosestudiantiles.uc.cl\/en\/#website\"},\"primaryImageOfPage\":{\"@id\":\"https:\/\/asuntosestudiantiles.uc.cl\/en\/noticias\/el-cara-te-orienta-en-el-cierre-del-semestre\/#primaryimage\"},\"image\":{\"@id\":\"https:\/\/asuntosestudiantiles.uc.cl\/en\/noticias\/el-cara-te-orienta-en-el-cierre-del-semestre\/#primaryimage\"},\"thumbnailUrl\":\"https:\/\/asuntosestudiantiles.uc.cl\/wp-content\/uploads\/2024\/04\/2023_elcara_teorienta_ppal.png\",\"datePublished\":\"2023-06-15T00:00:00+00:00\",\"dateModified\":\"2024-04-04T14:59:05+00:00\",\"description\":\"Ent\u00e9rate de todo lo que ocurre en la vida estudiantil de la UC y c\u00f3mo aprovechar al m\u00e1ximo tu experiencia universitaria\",\"breadcrumb\":{\"@id\":\"https:\/\/asuntosestudiantiles.uc.cl\/en\/noticias\/el-cara-te-orienta-en-el-cierre-del-semestre\/#breadcrumb\"},\"inLanguage\":\"en-US\",\"potentialAction\":[{\"@type\":\"ReadAction\",\"target\":[\"https:\/\/asuntosestudiantiles.uc.cl\/en\/noticias\/el-cara-te-orienta-en-el-cierre-del-semestre\/\"]}]},{\"@type\":\"ImageObject\",\"inLanguage\":\"en-US\",\"@id\":\"https:\/\/asuntosestudiantiles.uc.cl\/en\/noticias\/el-cara-te-orienta-en-el-cierre-del-semestre\/#primaryimage\",\"url\":\"https:\/\/asuntosestudiantiles.uc.cl\/wp-content\/uploads\/2024\/04\/2023_elcara_teorienta_ppal.png\",\"contentUrl\":\"https:\/\/asuntosestudiantiles.uc.cl\/wp-content\/uploads\/2024\/04\/2023_elcara_teorienta_ppal.png\",\"width\":545,\"height\":700,\"caption\":\"Estudiantes atentos en una sala observando y escuchando a una persona exponer\"},{\"@type\":\"BreadcrumbList\",\"@id\":\"https:\/\/asuntosestudiantiles.uc.cl\/en\/noticias\/el-cara-te-orienta-en-el-cierre-del-semestre\/#breadcrumb\",\"itemListElement\":[{\"@type\":\"ListItem\",\"position\":1,\"name\":\"Portada\",\"item\":\"https:\/\/asuntosestudiantiles.uc.cl\/en\/\"},{\"@type\":\"ListItem\",\"position\":2,\"name\":\"Noticias\",\"item\":\"https:\/\/asuntosestudiantiles.uc.cl\/en\/noticias\/\"},{\"@type\":\"ListItem\",\"position\":3,\"name\":\"El CARA te orienta en el cierre del semestre\"}]},{\"@type\":\"WebSite\",\"@id\":\"https:\/\/asuntosestudiantiles.uc.cl\/en\/#website\",\"url\":\"https:\/\/asuntosestudiantiles.uc.cl\/en\/\",\"name\":\"Direcci\u00f3n de Asuntos Estudiantiles\",\"description\":\"Vive la UC a trav\u00e9s del deporte, la salud, el bienestar y el desarrollo estudiantil\",\"potentialAction\":[{\"@type\":\"SearchAction\",\"target\":{\"@type\":\"EntryPoint\",\"urlTemplate\":\"https:\/\/asuntosestudiantiles.uc.cl\/en\/?s={search_term_string}\"},\"query-input\":{\"@type\":\"PropertyValueSpecification\",\"valueRequired\":true,\"valueName\":\"search_term_string\"}}],\"inLanguage\":\"en-US\"}]}<\/script>\n<!-- \/ Yoast SEO plugin. -->","yoast_head_json":{"title":"El CARA te orienta en el cierre del semestre - Direcci\u00f3n de Asuntos Estudiantiles","description":"Ent\u00e9rate de todo lo que ocurre en la vida estudiantil de la UC y c\u00f3mo aprovechar al m\u00e1ximo tu experiencia universitaria","robots":{"index":"index","follow":"follow","max-snippet":"max-snippet:-1","max-image-preview":"max-image-preview:large","max-video-preview":"max-video-preview:-1"},"canonical":"https:\/\/asuntosestudiantiles.uc.cl\/en\/noticias\/el-cara-te-orienta-en-el-cierre-del-semestre\/","og_locale":"en_US","og_type":"article","og_title":"El CARA te orienta en el cierre del semestre - Direcci\u00f3n de Asuntos Estudiantiles","og_description":"Ent\u00e9rate de todo lo que ocurre en la vida estudiantil de la UC y c\u00f3mo aprovechar al m\u00e1ximo tu experiencia universitaria","og_url":"https:\/\/asuntosestudiantiles.uc.cl\/en\/noticias\/el-cara-te-orienta-en-el-cierre-del-semestre\/","og_site_name":"Direcci\u00f3n de Asuntos Estudiantiles","article_modified_time":"2024-04-04T14:59:05+00:00","og_image":[{"width":545,"height":700,"url":"https:\/\/asuntosestudiantiles.uc.cl\/wp-content\/uploads\/2024\/04\/2023_elcara_teorienta_ppal.png","type":"image\/png"}],"twitter_card":"summary_large_image","twitter_misc":{"Est. reading time":"2 minutes"},"schema":{"@context":"https:\/\/schema.org","@graph":[{"@type":"WebPage","@id":"https:\/\/asuntosestudiantiles.uc.cl\/en\/noticias\/el-cara-te-orienta-en-el-cierre-del-semestre\/","url":"https:\/\/asuntosestudiantiles.uc.cl\/en\/noticias\/el-cara-te-orienta-en-el-cierre-del-semestre\/","name":"El CARA te orienta en el cierre del semestre - Direcci\u00f3n de Asuntos Estudiantiles","isPartOf":{"@id":"https:\/\/asuntosestudiantiles.uc.cl\/en\/#website"},"primaryImageOfPage":{"@id":"https:\/\/asuntosestudiantiles.uc.cl\/en\/noticias\/el-cara-te-orienta-en-el-cierre-del-semestre\/#primaryimage"},"image":{"@id":"https:\/\/asuntosestudiantiles.uc.cl\/en\/noticias\/el-cara-te-orienta-en-el-cierre-del-semestre\/#primaryimage"},"thumbnailUrl":"https:\/\/asuntosestudiantiles.uc.cl\/wp-content\/uploads\/2024\/04\/2023_elcara_teorienta_ppal.png","datePublished":"2023-06-15T00:00:00+00:00","dateModified":"2024-04-04T14:59:05+00:00","description":"Ent\u00e9rate de todo lo que ocurre en la vida estudiantil de la UC y c\u00f3mo aprovechar al m\u00e1ximo tu experiencia universitaria","breadcrumb":{"@id":"https:\/\/asuntosestudiantiles.uc.cl\/en\/noticias\/el-cara-te-orienta-en-el-cierre-del-semestre\/#breadcrumb"},"inLanguage":"en-US","potentialAction":[{"@type":"ReadAction","target":["https:\/\/asuntosestudiantiles.uc.cl\/en\/noticias\/el-cara-te-orienta-en-el-cierre-del-semestre\/"]}]},{"@type":"ImageObject","inLanguage":"en-US","@id":"https:\/\/asuntosestudiantiles.uc.cl\/en\/noticias\/el-cara-te-orienta-en-el-cierre-del-semestre\/#primaryimage","url":"https:\/\/asuntosestudiantiles.uc.cl\/wp-content\/uploads\/2024\/04\/2023_elcara_teorienta_ppal.png","contentUrl":"https:\/\/asuntosestudiantiles.uc.cl\/wp-content\/uploads\/2024\/04\/2023_elcara_teorienta_ppal.png","width":545,"height":700,"caption":"Estudiantes atentos en una sala observando y escuchando a una persona exponer"},{"@type":"BreadcrumbList","@id":"https:\/\/asuntosestudiantiles.uc.cl\/en\/noticias\/el-cara-te-orienta-en-el-cierre-del-semestre\/#breadcrumb","itemListElement":[{"@type":"ListItem","position":1,"name":"Portada","item":"https:\/\/asuntosestudiantiles.uc.cl\/en\/"},{"@type":"ListItem","position":2,"name":"Noticias","item":"https:\/\/asuntosestudiantiles.uc.cl\/en\/noticias\/"},{"@type":"ListItem","position":3,"name":"El CARA te orienta en el cierre del semestre"}]},{"@type":"WebSite","@id":"https:\/\/asuntosestudiantiles.uc.cl\/en\/#website","url":"https:\/\/asuntosestudiantiles.uc.cl\/en\/","name":"Direcci\u00f3n de Asuntos Estudiantiles","description":"Vive la UC a trav\u00e9s del deporte, la salud, el bienestar y el desarrollo estudiantil","potentialAction":[{"@type":"SearchAction","target":{"@type":"EntryPoint","urlTemplate":"https:\/\/asuntosestudiantiles.uc.cl\/en\/?s={search_term_string}"},"query-input":{"@type":"PropertyValueSpecification","valueRequired":true,"valueName":"search_term_string"}}],"inLanguage":"en-US"}]}},"_links":{"self":[{"href":"https:\/\/asuntosestudiantiles.uc.cl\/en\/wp-json\/wp\/v2\/noticias\/724","targetHints":{"allow":["GET"]}}],"collection":[{"href":"https:\/\/asuntosestudiantiles.uc.cl\/en\/wp-json\/wp\/v2\/noticias"}],"about":[{"href":"https:\/\/asuntosestudiantiles.uc.cl\/en\/wp-json\/wp\/v2\/types\/noticias"}],"author":[{"embeddable":true,"href":"https:\/\/asuntosestudiantiles.uc.cl\/en\/wp-json\/wp\/v2\/users\/1"}],"replies":[{"embeddable":true,"href":"https:\/\/asuntosestudiantiles.uc.cl\/en\/wp-json\/wp\/v2\/comments?post=724"}],"version-history":[{"count":0,"href":"https:\/\/asuntosestudiantiles.uc.cl\/en\/wp-json\/wp\/v2\/noticias\/724\/revisions"}],"wp:featuredmedia":[{"embeddable":true,"href":"https:\/\/asuntosestudiantiles.uc.cl\/en\/wp-json\/wp\/v2\/media\/2307"}],"wp:attachment":[{"href":"https:\/\/asuntosestudiantiles.uc.cl\/en\/wp-json\/wp\/v2\/media?parent=724"}],"wp:term":[{"taxonomy":"temas","embeddable":true,"href":"https:\/\/asuntosestudiantiles.uc.cl\/en\/wp-json\/wp\/v2\/temas?post=724"}],"curies":[{"name":"wp","href":"https:\/\/api.w.org\/{rel}","templated":true}]}}