
{"id":744,"date":"2023-06-13T00:00:00","date_gmt":"2023-06-13T00:00:00","guid":{"rendered":"https:\/\/skymedia.works\/dae\/noticias\/el-festin-de-las-bestias-el-cortometraje-estudiantil-que-llega-al-prestigioso-festival-de-animacion-de-annecy\/"},"modified":"2024-04-04T14:59:07","modified_gmt":"2024-04-04T14:59:07","slug":"el-festin-de-las-bestias-el-cortometraje-estudiantil-que-llega-al-prestigioso-festival-de-animacion-de-annecy","status":"publish","type":"noticias","link":"https:\/\/asuntosestudiantiles.uc.cl\/en\/noticias\/el-festin-de-las-bestias-el-cortometraje-estudiantil-que-llega-al-prestigioso-festival-de-animacion-de-annecy\/","title":{"rendered":"&#8220;El Fest\u00edn de las Bestias&#8221;: El cortometraje estudiantil que llega al prestigioso festival de animaci\u00f3n de Annecy"},"content":{"rendered":"<p>La cinta competir\u00e1 en la categor\u00eda de &#8220;Pel\u00edculas de Graduaci\u00f3n&#8221;, una de las siete que tiene el evento. Sim\u00f3n Bucher, Amanda Rivera y Claudia Saldivia fueron los\/as alumnos\/as que realizaron la producci\u00f3n.<\/p>\n<p>El cortometraje chileno &#8220;El Fest\u00edn de las Bestias&#8221;, codirigido por Sim\u00f3n Bucher, Amanda Rivera y Claudia Saldivia, celebra. Esto, porque la producci\u00f3n, que tom\u00f3 forma el primer semestre de 2022 en el Taller de T\u00edtulo de la Facultad de Comunicaciones UC por medio de una de Bucher durante sus vacaciones, fue seleccionada para participar en el Festival Internacional de Cine de Animaci\u00f3n de Annecy.<\/p>\n<p>Annecy, conocido popularmente como &#8220;Annecy Animation Festival&#8221;, se llevar\u00e1 a cabo en la ciudad francesa entre el 11 al 17 de junio. Este prestigioso certamen recibi\u00f3 m\u00e1s de 3.200 pel\u00edculas de 100 pa\u00edses distintos para su edici\u00f3n 2023. &#8220;El Fest\u00edn de las Bestias&#8221;, en tanto, competir\u00e1 en la categor\u00eda de &#8220;Pel\u00edculas de Graduaci\u00f3n&#8221;, una de las siete que conforman el festival.<\/p>\n<p>Por ello, el equipo de &#8220;El Fest\u00edn de las Bestias&#8221; se muestra entusiasmado con esta oportunidad y ve su participaci\u00f3n en Annecy como el inicio de un camino hacia futuros festivales y proyectos. Un logro para la cinta, que tambi\u00e9n forma parte del cat\u00e1logo 2023 de Prisma, una distribuidora audiovisual que busca promover las obras realizadas por estudiantes de la mencionada facultad.<\/p>\n<p>Y, como era de esperar, la emoci\u00f3n rein\u00f3 en el equipo que llev\u00f3 a cabo la producci\u00f3n y, felices, compartieron a trav\u00e9s de su cuenta de Instagram, @elfestin.shortfilm, la noticia con:<\/p>\n<p>&#8220;Nos alegra anunciarles que \u201cEl Fest\u00edn de las Bestias\u201d ha sido seleccionado para participar en el festival de Annecy. Estamos muy felices de ser parte del festival de animaci\u00f3n m\u00e1s importante del mundo. \u00a1Nuestro estreno ser\u00e1 en Francia! Tengan atenci\u00f3n a nuestras redes sociales, donde iremos dando m\u00e1s info. Nos vemos en Annecy&#8221;, fue lo que los\/as estudiantes colgaron la red social.<\/p>\n<p>El cortometraje, en tanto, tiene una duraci\u00f3n de ocho minutos, y narra la historia de una criatura que asiste a un fest\u00edn organizado por una nevera m\u00e1gica, desencadenando un consumo desenfrenado de alimentos. El equipo de direcci\u00f3n se inspir\u00f3 en el cineasta checo Jan \u0160vankmaje y en la serie japonesa &#8220;Fullmetal Alchemist&#8221; para dar vida a su obra.<\/p>\n<p>A trav\u00e9s del festival, esperan tener acceso al mercado internacional de la industria audiovisual, donde podr\u00e1n establecer contactos y explorar nuevas oportunidades.<\/p>\n<p>\u00a1El cine de animaci\u00f3n chileno se prepara para destacar en el escenario mundial en el Festival de Annecy!<\/p>\n","protected":false},"excerpt":{"rendered":"<p>La cinta competir\u00e1 en la categor\u00eda de &#8220;Pel\u00edculas de Graduaci\u00f3n&#8221;, una de las siete que tiene el evento. Sim\u00f3n Bucher, Amanda Rivera y Claudia Saldivia fueron los\/as alumnos\/as que realizaron la producci\u00f3n. El cortometraje chileno &#8220;El Fest\u00edn de las Bestias&#8221;, codirigido por Sim\u00f3n Bucher, Amanda Rivera y Claudia Saldivia, celebra. Esto, porque la producci\u00f3n, que [&hellip;]<\/p>\n","protected":false},"author":1,"featured_media":2309,"menu_order":0,"comment_status":"open","ping_status":"open","template":"","format":"standard","meta":{"_acf_changed":false,"footnotes":""},"temas":[259,258,40,204,39],"class_list":["post-744","noticias","type-noticias","status-publish","format-standard","has-post-thumbnail","hentry","temas-annecy","temas-cortometraje","temas-estudiantes","temas-festival","temas-uc"],"acf":[],"yoast_head":"<!-- This site is optimized with the Yoast SEO plugin v23.6 - https:\/\/yoast.com\/wordpress\/plugins\/seo\/ -->\n<title>&quot;El Fest\u00edn de las Bestias&quot;: El cortometraje estudiantil que llega al prestigioso festival de animaci\u00f3n de Annecy - Direcci\u00f3n de Asuntos Estudiantiles<\/title>\n<meta name=\"description\" content=\"Ent\u00e9rate de todo lo que ocurre en la vida estudiantil de la UC y c\u00f3mo aprovechar al m\u00e1ximo tu experiencia universitaria\" \/>\n<meta name=\"robots\" content=\"index, follow, max-snippet:-1, max-image-preview:large, max-video-preview:-1\" \/>\n<link rel=\"canonical\" href=\"https:\/\/asuntosestudiantiles.uc.cl\/en\/noticias\/el-festin-de-las-bestias-el-cortometraje-estudiantil-que-llega-al-prestigioso-festival-de-animacion-de-annecy\/\" \/>\n<meta property=\"og:locale\" content=\"en_US\" \/>\n<meta property=\"og:type\" content=\"article\" \/>\n<meta property=\"og:title\" content=\"&quot;El Fest\u00edn de las Bestias&quot;: El cortometraje estudiantil que llega al prestigioso festival de animaci\u00f3n de Annecy - Direcci\u00f3n de Asuntos Estudiantiles\" \/>\n<meta property=\"og:description\" content=\"Ent\u00e9rate de todo lo que ocurre en la vida estudiantil de la UC y c\u00f3mo aprovechar al m\u00e1ximo tu experiencia universitaria\" \/>\n<meta property=\"og:url\" content=\"https:\/\/asuntosestudiantiles.uc.cl\/en\/noticias\/el-festin-de-las-bestias-el-cortometraje-estudiantil-que-llega-al-prestigioso-festival-de-animacion-de-annecy\/\" \/>\n<meta property=\"og:site_name\" content=\"Direcci\u00f3n de Asuntos Estudiantiles\" \/>\n<meta property=\"article:modified_time\" content=\"2024-04-04T14:59:07+00:00\" \/>\n<meta property=\"og:image\" content=\"https:\/\/asuntosestudiantiles.uc.cl\/wp-content\/uploads\/2024\/04\/2023_elfestindelasbestias_ppal.png\" \/>\n\t<meta property=\"og:image:width\" content=\"545\" \/>\n\t<meta property=\"og:image:height\" content=\"700\" \/>\n\t<meta property=\"og:image:type\" content=\"image\/png\" \/>\n<meta name=\"twitter:card\" content=\"summary_large_image\" \/>\n<meta name=\"twitter:label1\" content=\"Est. reading time\" \/>\n\t<meta name=\"twitter:data1\" content=\"2 minutes\" \/>\n<script type=\"application\/ld+json\" class=\"yoast-schema-graph\">{\"@context\":\"https:\/\/schema.org\",\"@graph\":[{\"@type\":\"WebPage\",\"@id\":\"https:\/\/asuntosestudiantiles.uc.cl\/en\/noticias\/el-festin-de-las-bestias-el-cortometraje-estudiantil-que-llega-al-prestigioso-festival-de-animacion-de-annecy\/\",\"url\":\"https:\/\/asuntosestudiantiles.uc.cl\/en\/noticias\/el-festin-de-las-bestias-el-cortometraje-estudiantil-que-llega-al-prestigioso-festival-de-animacion-de-annecy\/\",\"name\":\"\\\"El Fest\u00edn de las Bestias\\\": El cortometraje estudiantil que llega al prestigioso festival de animaci\u00f3n de Annecy - Direcci\u00f3n de Asuntos Estudiantiles\",\"isPartOf\":{\"@id\":\"https:\/\/asuntosestudiantiles.uc.cl\/en\/#website\"},\"primaryImageOfPage\":{\"@id\":\"https:\/\/asuntosestudiantiles.uc.cl\/en\/noticias\/el-festin-de-las-bestias-el-cortometraje-estudiantil-que-llega-al-prestigioso-festival-de-animacion-de-annecy\/#primaryimage\"},\"image\":{\"@id\":\"https:\/\/asuntosestudiantiles.uc.cl\/en\/noticias\/el-festin-de-las-bestias-el-cortometraje-estudiantil-que-llega-al-prestigioso-festival-de-animacion-de-annecy\/#primaryimage\"},\"thumbnailUrl\":\"https:\/\/asuntosestudiantiles.uc.cl\/wp-content\/uploads\/2024\/04\/2023_elfestindelasbestias_ppal.png\",\"datePublished\":\"2023-06-13T00:00:00+00:00\",\"dateModified\":\"2024-04-04T14:59:07+00:00\",\"description\":\"Ent\u00e9rate de todo lo que ocurre en la vida estudiantil de la UC y c\u00f3mo aprovechar al m\u00e1ximo tu experiencia universitaria\",\"breadcrumb\":{\"@id\":\"https:\/\/asuntosestudiantiles.uc.cl\/en\/noticias\/el-festin-de-las-bestias-el-cortometraje-estudiantil-que-llega-al-prestigioso-festival-de-animacion-de-annecy\/#breadcrumb\"},\"inLanguage\":\"en-US\",\"potentialAction\":[{\"@type\":\"ReadAction\",\"target\":[\"https:\/\/asuntosestudiantiles.uc.cl\/en\/noticias\/el-festin-de-las-bestias-el-cortometraje-estudiantil-que-llega-al-prestigioso-festival-de-animacion-de-annecy\/\"]}]},{\"@type\":\"ImageObject\",\"inLanguage\":\"en-US\",\"@id\":\"https:\/\/asuntosestudiantiles.uc.cl\/en\/noticias\/el-festin-de-las-bestias-el-cortometraje-estudiantil-que-llega-al-prestigioso-festival-de-animacion-de-annecy\/#primaryimage\",\"url\":\"https:\/\/asuntosestudiantiles.uc.cl\/wp-content\/uploads\/2024\/04\/2023_elfestindelasbestias_ppal.png\",\"contentUrl\":\"https:\/\/asuntosestudiantiles.uc.cl\/wp-content\/uploads\/2024\/04\/2023_elfestindelasbestias_ppal.png\",\"width\":545,\"height\":700,\"caption\":\"cuatri estudiantes con guantes amarillos de limpieza\"},{\"@type\":\"BreadcrumbList\",\"@id\":\"https:\/\/asuntosestudiantiles.uc.cl\/en\/noticias\/el-festin-de-las-bestias-el-cortometraje-estudiantil-que-llega-al-prestigioso-festival-de-animacion-de-annecy\/#breadcrumb\",\"itemListElement\":[{\"@type\":\"ListItem\",\"position\":1,\"name\":\"Portada\",\"item\":\"https:\/\/asuntosestudiantiles.uc.cl\/en\/\"},{\"@type\":\"ListItem\",\"position\":2,\"name\":\"Noticias\",\"item\":\"https:\/\/asuntosestudiantiles.uc.cl\/en\/noticias\/\"},{\"@type\":\"ListItem\",\"position\":3,\"name\":\"\u00abEl Fest\u00edn de las Bestias\u00bb: El cortometraje estudiantil que llega al prestigioso festival de animaci\u00f3n de Annecy\"}]},{\"@type\":\"WebSite\",\"@id\":\"https:\/\/asuntosestudiantiles.uc.cl\/en\/#website\",\"url\":\"https:\/\/asuntosestudiantiles.uc.cl\/en\/\",\"name\":\"Direcci\u00f3n de Asuntos Estudiantiles\",\"description\":\"Vive la UC a trav\u00e9s del deporte, la salud, el bienestar y el desarrollo estudiantil\",\"potentialAction\":[{\"@type\":\"SearchAction\",\"target\":{\"@type\":\"EntryPoint\",\"urlTemplate\":\"https:\/\/asuntosestudiantiles.uc.cl\/en\/?s={search_term_string}\"},\"query-input\":{\"@type\":\"PropertyValueSpecification\",\"valueRequired\":true,\"valueName\":\"search_term_string\"}}],\"inLanguage\":\"en-US\"}]}<\/script>\n<!-- \/ Yoast SEO plugin. -->","yoast_head_json":{"title":"\"El Fest\u00edn de las Bestias\": El cortometraje estudiantil que llega al prestigioso festival de animaci\u00f3n de Annecy - Direcci\u00f3n de Asuntos Estudiantiles","description":"Ent\u00e9rate de todo lo que ocurre en la vida estudiantil de la UC y c\u00f3mo aprovechar al m\u00e1ximo tu experiencia universitaria","robots":{"index":"index","follow":"follow","max-snippet":"max-snippet:-1","max-image-preview":"max-image-preview:large","max-video-preview":"max-video-preview:-1"},"canonical":"https:\/\/asuntosestudiantiles.uc.cl\/en\/noticias\/el-festin-de-las-bestias-el-cortometraje-estudiantil-que-llega-al-prestigioso-festival-de-animacion-de-annecy\/","og_locale":"en_US","og_type":"article","og_title":"\"El Fest\u00edn de las Bestias\": El cortometraje estudiantil que llega al prestigioso festival de animaci\u00f3n de Annecy - Direcci\u00f3n de Asuntos Estudiantiles","og_description":"Ent\u00e9rate de todo lo que ocurre en la vida estudiantil de la UC y c\u00f3mo aprovechar al m\u00e1ximo tu experiencia universitaria","og_url":"https:\/\/asuntosestudiantiles.uc.cl\/en\/noticias\/el-festin-de-las-bestias-el-cortometraje-estudiantil-que-llega-al-prestigioso-festival-de-animacion-de-annecy\/","og_site_name":"Direcci\u00f3n de Asuntos Estudiantiles","article_modified_time":"2024-04-04T14:59:07+00:00","og_image":[{"width":545,"height":700,"url":"https:\/\/asuntosestudiantiles.uc.cl\/wp-content\/uploads\/2024\/04\/2023_elfestindelasbestias_ppal.png","type":"image\/png"}],"twitter_card":"summary_large_image","twitter_misc":{"Est. reading time":"2 minutes"},"schema":{"@context":"https:\/\/schema.org","@graph":[{"@type":"WebPage","@id":"https:\/\/asuntosestudiantiles.uc.cl\/en\/noticias\/el-festin-de-las-bestias-el-cortometraje-estudiantil-que-llega-al-prestigioso-festival-de-animacion-de-annecy\/","url":"https:\/\/asuntosestudiantiles.uc.cl\/en\/noticias\/el-festin-de-las-bestias-el-cortometraje-estudiantil-que-llega-al-prestigioso-festival-de-animacion-de-annecy\/","name":"\"El Fest\u00edn de las Bestias\": El cortometraje estudiantil que llega al prestigioso festival de animaci\u00f3n de Annecy - Direcci\u00f3n de Asuntos Estudiantiles","isPartOf":{"@id":"https:\/\/asuntosestudiantiles.uc.cl\/en\/#website"},"primaryImageOfPage":{"@id":"https:\/\/asuntosestudiantiles.uc.cl\/en\/noticias\/el-festin-de-las-bestias-el-cortometraje-estudiantil-que-llega-al-prestigioso-festival-de-animacion-de-annecy\/#primaryimage"},"image":{"@id":"https:\/\/asuntosestudiantiles.uc.cl\/en\/noticias\/el-festin-de-las-bestias-el-cortometraje-estudiantil-que-llega-al-prestigioso-festival-de-animacion-de-annecy\/#primaryimage"},"thumbnailUrl":"https:\/\/asuntosestudiantiles.uc.cl\/wp-content\/uploads\/2024\/04\/2023_elfestindelasbestias_ppal.png","datePublished":"2023-06-13T00:00:00+00:00","dateModified":"2024-04-04T14:59:07+00:00","description":"Ent\u00e9rate de todo lo que ocurre en la vida estudiantil de la UC y c\u00f3mo aprovechar al m\u00e1ximo tu experiencia universitaria","breadcrumb":{"@id":"https:\/\/asuntosestudiantiles.uc.cl\/en\/noticias\/el-festin-de-las-bestias-el-cortometraje-estudiantil-que-llega-al-prestigioso-festival-de-animacion-de-annecy\/#breadcrumb"},"inLanguage":"en-US","potentialAction":[{"@type":"ReadAction","target":["https:\/\/asuntosestudiantiles.uc.cl\/en\/noticias\/el-festin-de-las-bestias-el-cortometraje-estudiantil-que-llega-al-prestigioso-festival-de-animacion-de-annecy\/"]}]},{"@type":"ImageObject","inLanguage":"en-US","@id":"https:\/\/asuntosestudiantiles.uc.cl\/en\/noticias\/el-festin-de-las-bestias-el-cortometraje-estudiantil-que-llega-al-prestigioso-festival-de-animacion-de-annecy\/#primaryimage","url":"https:\/\/asuntosestudiantiles.uc.cl\/wp-content\/uploads\/2024\/04\/2023_elfestindelasbestias_ppal.png","contentUrl":"https:\/\/asuntosestudiantiles.uc.cl\/wp-content\/uploads\/2024\/04\/2023_elfestindelasbestias_ppal.png","width":545,"height":700,"caption":"cuatri estudiantes con guantes amarillos de limpieza"},{"@type":"BreadcrumbList","@id":"https:\/\/asuntosestudiantiles.uc.cl\/en\/noticias\/el-festin-de-las-bestias-el-cortometraje-estudiantil-que-llega-al-prestigioso-festival-de-animacion-de-annecy\/#breadcrumb","itemListElement":[{"@type":"ListItem","position":1,"name":"Portada","item":"https:\/\/asuntosestudiantiles.uc.cl\/en\/"},{"@type":"ListItem","position":2,"name":"Noticias","item":"https:\/\/asuntosestudiantiles.uc.cl\/en\/noticias\/"},{"@type":"ListItem","position":3,"name":"\u00abEl Fest\u00edn de las Bestias\u00bb: El cortometraje estudiantil que llega al prestigioso festival de animaci\u00f3n de Annecy"}]},{"@type":"WebSite","@id":"https:\/\/asuntosestudiantiles.uc.cl\/en\/#website","url":"https:\/\/asuntosestudiantiles.uc.cl\/en\/","name":"Direcci\u00f3n de Asuntos Estudiantiles","description":"Vive la UC a trav\u00e9s del deporte, la salud, el bienestar y el desarrollo estudiantil","potentialAction":[{"@type":"SearchAction","target":{"@type":"EntryPoint","urlTemplate":"https:\/\/asuntosestudiantiles.uc.cl\/en\/?s={search_term_string}"},"query-input":{"@type":"PropertyValueSpecification","valueRequired":true,"valueName":"search_term_string"}}],"inLanguage":"en-US"}]}},"_links":{"self":[{"href":"https:\/\/asuntosestudiantiles.uc.cl\/en\/wp-json\/wp\/v2\/noticias\/744","targetHints":{"allow":["GET"]}}],"collection":[{"href":"https:\/\/asuntosestudiantiles.uc.cl\/en\/wp-json\/wp\/v2\/noticias"}],"about":[{"href":"https:\/\/asuntosestudiantiles.uc.cl\/en\/wp-json\/wp\/v2\/types\/noticias"}],"author":[{"embeddable":true,"href":"https:\/\/asuntosestudiantiles.uc.cl\/en\/wp-json\/wp\/v2\/users\/1"}],"replies":[{"embeddable":true,"href":"https:\/\/asuntosestudiantiles.uc.cl\/en\/wp-json\/wp\/v2\/comments?post=744"}],"version-history":[{"count":0,"href":"https:\/\/asuntosestudiantiles.uc.cl\/en\/wp-json\/wp\/v2\/noticias\/744\/revisions"}],"wp:featuredmedia":[{"embeddable":true,"href":"https:\/\/asuntosestudiantiles.uc.cl\/en\/wp-json\/wp\/v2\/media\/2309"}],"wp:attachment":[{"href":"https:\/\/asuntosestudiantiles.uc.cl\/en\/wp-json\/wp\/v2\/media?parent=744"}],"wp:term":[{"taxonomy":"temas","embeddable":true,"href":"https:\/\/asuntosestudiantiles.uc.cl\/en\/wp-json\/wp\/v2\/temas?post=744"}],"curies":[{"name":"wp","href":"https:\/\/api.w.org\/{rel}","templated":true}]}}