
{"id":750,"date":"2023-05-05T00:00:00","date_gmt":"2023-05-05T00:00:00","guid":{"rendered":"https:\/\/skymedia.works\/dae\/noticias\/la-uc-al-servicio-de-chile-voluntarios-construyen-ocho-viviendas-para-familias-damnificadas-de-santa-juana\/"},"modified":"2024-04-04T14:59:09","modified_gmt":"2024-04-04T14:59:09","slug":"la-uc-al-servicio-de-chile-voluntarios-construyen-ocho-viviendas-para-familias-damnificadas-de-santa-juana","status":"publish","type":"noticias","link":"https:\/\/asuntosestudiantiles.uc.cl\/en\/noticias\/la-uc-al-servicio-de-chile-voluntarios-construyen-ocho-viviendas-para-familias-damnificadas-de-santa-juana\/","title":{"rendered":"La UC al servicio de Chile: voluntarios construyen ocho viviendas para familias damnificadas de Santa Juana"},"content":{"rendered":"<p>La iniciativa, que convoc\u00f3a a 85 estudiantes, cont\u00f3 con el apoyo de Fundaci\u00f3n Techo y el Instituto Nacional de la Juventud (INJUV). Adem\u00e1s, durante una visita en terreno, directivos de la universidad establecieron puentes con la alcaldesa, Ana Albornoz, para gestionar m\u00e1s ayuda.<\/p>\n<p>Apoyar en la reconstrucci\u00f3n de viviendas para familias que lo perdieron todo en los incendios. Ese fue el objetivo que se traz\u00f3 la UC en la comuna de Santa Juana, regi\u00f3n del Biob\u00edo, durante la \u00faltima semana de abril y los primeros d\u00edas de mayo. En menos de dos semanas, la universidad arm\u00f3 un voluntariado especial de emergencia con la ayuda del Instituto Nacional de la Juventud (INJUV) y Fundaci\u00f3n Techo, con la finalidad de contribuir en el levantamiento de las zonas afectadas por los siniestros. A los trabajos llegaron 85 estudiantes en total.<\/p>\n<p>As\u00ed, a trav\u00e9s del llamado de la FEUC y de cinco iniciativas, Trabajos FAIF, Trabajos Voluntarios de Ingenier\u00eda, J\u00f3venes sin Fronteras, Proyecta y Trabajo Pa\u00eds, se pudo coordinar la llegada de ayuda efectiva para ocho familias afectadas por los siniestros.<\/p>\n<p>En este contexto, autoridades universitarias, junto a profesionales de la DAE y Pastoral UC, visitaron al grupo de voluntarios\/as que llegaron a Santa Juana el s\u00e1bado 29 de abril en la noche. Para la directora de Asuntos Estudiantiles UC, Carola M\u00e9ndez -quien estuvo acompa\u00f1ada de la jefa de Liderazgo Estudiantil de la DAE Ivonne Moraga- aportar de esta forma evidencia el rol p\u00fablico que ejerce la UC en el pa\u00eds. De ah\u00ed el valor de levantar el voluntariado y realizar una visita en terreno.<\/p>\n<p>\u201cEl trabajo en Santa Juana muestra la sensibilidad y el compromiso que tiene la UC con lo que sucede en nuestro pa\u00eds y con las necesidades que tienen las personas. Esto es parte del esp\u00edritu y la identidad de nuestra universidad y fundamental para la formaci\u00f3n y experiencia de nuestros estudiantes. Poner a la comunidad UC a disposici\u00f3n de esas necesidades es una oportunidad de vivir ese esp\u00edritu solidario, generoso y que permite resolver de manera colaborativa algunas de las necesidades que tienen tantas familias que sufrieron grandes p\u00e9rdidas en sus vidas. Les dan esperanzas en un futuro pr\u00f3ximo mejor\u201d, detall\u00f3 la directora.<\/p>\n<p>Durante la visita en terreno, Carola M\u00e9ndez pudo evidenciar la realidad actual de la comuna. \u201cNos mostr\u00f3 la cruda realidad de tantas personas: adultos mayores, mujeres solas, j\u00f3venes empezando sus proyectos y ni\u00f1os que se han visto afectados materialmente, pero especialmente en sus seguridades b\u00e1sicas, en sus oportunidades, en sus sue\u00f1os y proyectos. Nos mostraron sus penas, sus dolores, pero tambi\u00e9n su fuerza para enfrentar una nueva etapa y en la reconstrucci\u00f3n de sus vidas. Agradezco el \u00e1nimo y el compromiso de la alcaldesa que nos ha abierto las puertas de la comuna para poder ayudar y encontrarnos con las familias de las zonas que m\u00e1s lo necesitan\u201d.<\/p>\n<p>Misma perspectiva tiene el decano de la Facultad de Agronom\u00eda e Ingenier\u00eda Forestal, Rodrigo Figueroa, quien tambi\u00e9n se hizo presente en la octava regi\u00f3n junto a su equipo. Desde su mirada, el compromiso de la UC es clave. \u201cLa universidad y la facultad no pueden estar ajenas. Fue muy doloroso ver lo que signific\u00f3 en t\u00e9rminos de no solo el impacto ambiental, sino que la parte humana. Hay un compromiso social que la universidad ha manifestado y, por ello, es necesario estar presente concretamente. Tambi\u00e9n es muy relevante ver el ejemplo de superaci\u00f3n de las personas\u201d, parti\u00f3 diciendo el acad\u00e9mico, quien quiso complementar se\u00f1alando la relevancia que tiene generar espacios de voluntariados y que el estudiantado pueda hacer efectiva su ayuda.<\/p>\n<p>\u201cEs una experiencia de formaci\u00f3n incre\u00edble para nuestros estudiantes, porque se conectan con el Chile real, con las necesidades de la sociedad y, de paso, es una forma de fortalecer el v\u00ednculo que la universidad tiene con los problemas sociales. En esta experiencia hay una interacci\u00f3n de estudiantes de facultades distintas, que es muy dif\u00edcil que ocurra\u201d, a\u00f1adi\u00f3 el decano.<\/p>\n<p>Una comunidad agradecida<\/p>\n<p>Santa Juana recibi\u00f3 a la comitiva UC con una jornada llena de sol y un cielo pr\u00edstino, de un azul profundo. Una llegada que para la alcaldesa, Ana Albornoz, fue precisa, pues considera que las universidades chilenas, y especialmente la UC, ejercen una labor clave en situaciones de emergencia.<\/p>\n<p>\u201cPara nosotros es muy importante ya que la reconstrucci\u00f3n es muy larga y la afectaci\u00f3n que hubo en Santa Juana fue mayor. Tenemos una cat\u00e1strofe humanitaria, entonces cuando vienen los j\u00f3venes, especialmente de la UC, lo que hacen, adem\u00e1s de construir, es acompa\u00f1ar socioafectivamente a nuestros vecinos y vecinas, que se sienten muy solos. Son personas de escasos recursos que perdieron todo lo que ten\u00edan\u201d, expres\u00f3 la edil. A lo anterior, destac\u00f3 el importante rol que cumplen los estudiantes cat\u00f3licos, comprometidos con las causas que van en beneficio de la comunidad. \u201cNos parece muy relevante el rol de la juventud y de la juventud cat\u00f3lica en esta emergencia. Estamos agradecidos\u201d.<\/p>\n<p>En el aire era posible percibir, todav\u00eda, el olor pesado que dejan los objetos calcinados. Las cenizas en el suelo, junto con las estructuras dobladas que acusaban el paso voraz del fuego, se combinaban con el paisaje de pinos y eucaliptos quemados. Y en ese ambiente es que los voluntarios hicieron sus labores. Trabajos que fueron agradecidos por Mois\u00e9s Jara, vecino de Santa Juana, desde cuyo terreno se ve claramente la estela negra que dej\u00f3 la madera y el material quemado.<\/p>\n<p>En su narraci\u00f3n, Jara fue enf\u00e1tico en describir c\u00f3mo el fuego lo rode\u00f3 a \u00e9l y su familia. Instantes en el que solo atin\u00f3 a prender su veh\u00edculo y huir lejos, dejando todo atr\u00e1s. \u201cEl cerro se estaba quemando y no sab\u00edamos. Logramos salir de suerte por tener los veh\u00edculos en posici\u00f3n de salida. Lo \u00fanico que atinamos a sacar fue a los perros. En un momento se me ocurri\u00f3 devolverme para ver si pod\u00eda hacer algo. Cuando llegamos era un infierno. Y, despu\u00e9s de ver televisi\u00f3n, el asunto no fue llorar por la casa, sino que agradecer porque est\u00e1bamos vivos\u201d, fue parte del crudo relato de Mois\u00e9s.<\/p>\n<p>En momentos donde hay que levantarse, Jara agradece no solo la ayuda prestada a \u00e9l, sino que a todos los vecinos. \u201cFue algo muy sorpresivo. Nos llamaron y en un par de d\u00edas llegaron a trabajar con todo el \u00e1nimo. Su presencia ha sido muy buena y tambi\u00e9n bonita. Que la universidad se haga presente es muy bueno. Nosotros perdimos todo pero somos adultos j\u00f3venes, por eso una ayuda a personas como adultos mayores viene tambi\u00e9n s\u00faper bien\u201d, explic\u00f3.<\/p>\n<p>Otra de las personas que se mostr\u00f3 feliz por la llegada de la UC a Santa Juana fue el presb\u00edtero Ricardo Venecia, quien sostuvo una reuni\u00f3n con Ivonne Moraga y con la directora de Solidaridad y Misiones de Pastoral UC, Mar\u00eda Jes\u00fas Ochagav\u00eda. Lo anterior, para definir zonas cr\u00edticas a las que ayudar, especialmente a nivel espiritual, como es el levantamiento de capillas. En ese sentido, el sacerdote valor\u00f3 la iniciativa de la universidad y los\/as estudiantes:<\/p>\n<p>\u201cMe hace sentir orgulloso de ser cat\u00f3lico. La Universidad Cat\u00f3lica es Iglesia y la siento como tal. Son hermanos que llegan a sufrir con nosotros y a decir que no nos podemos quedar quietos cuando todav\u00eda hay hermanos que est\u00e1n sufriendo. Me siento acompa\u00f1ado por la UC y por cada uno de ellos. La DAE, la Pastoral y cada iniciativa que anda en terreno con los voluntarios. Todos han sido un b\u00e1lsamo en medio de este sufrimiento\u201d, explic\u00f3 el religioso.<\/p>\n<p>La voz de los voluntarios<\/p>\n<p>Convocatoria, talleres de formaci\u00f3n y tomar el bus hacia la regi\u00f3n del Biob\u00edo. As\u00ed fue como en menos de dos semanas los m\u00e1s de 70 voluntarios\/as se alistaron y prepararon para ir a construir. El desaf\u00edo no fue menor, considerando el tiempo de ejecuci\u00f3n y reclutamiento.<\/p>\n<p>Y ah\u00ed, la UC no fall\u00f3 para llegar con la ayuda hacia Santa Juana. Compromiso que para Sabina Orellana, presidenta de la FEUC, demuestra la relevancia que tiene para la universidad y sus estudiantes las problem\u00e1ticas sociales. \u201cDesde la FEUC venimos trabajando con distintas zonas del sur para poder ser una aporte a nivel estudiantil con la reconstrucci\u00f3n por los incendios. Quisimos venir por segunda vez a Santa Juana y liderar estos voluntariados porque como estudiantes de la UC tenemos mucho que aportar hoy. Tenemos manos para la reconstrucci\u00f3n y tambi\u00e9n tenemos o\u00eddos y coraz\u00f3n. Queremos acompa\u00f1ar y escuchar\u201d, dijo la representante, que en semanas anteriores realiz\u00f3 un trabajo similar con la Confech. <\/p>\n<p>Adem\u00e1s, la estudiante de Derecho explic\u00f3 el valioso aporte que ha sido la UC y la DAE para generar esta r\u00e1pida y eficaz ayuda. \u201cLa colaboraci\u00f3n de la DAE es fundamental porque permite la articulaci\u00f3n con distintas organizaciones. Tener este apoyo permite generar unos voluntariados institucionalizados y que las ayudas puedan extenderse a lo largo del tiempo\u201d.<\/p>\n<p>Una perspectiva similar tiene Catalina Cort\u00e9s, coordinadora de la emergencia en la zona sur de la Fundaci\u00f3n Techo. \u201cHa sido una instancia muy buena ya que por la colaboraci\u00f3n entre las entidades hemos podido levantar todas estas viviendas de emergencia. Estas alianzas son importantes porque hacen que mejore siempre la calidad de los voluntariados en tiempo y que se puedan establecer otros m\u00e1s grandes\u201d.<\/p>\n<p>De esta forma, ya sea haciendo los cimientos o levantado cada muralla, los\/as voluntarios\/as colocaron todo para el resurgir de las viviendas en Santa Juana. Y, desde esa motivaci\u00f3n por querer levantar a la localidad, es que Luisa Hinrichs, coordinadora general de Trabajo Pa\u00eds, explica la importancia. \u201cHa estado realmente incre\u00edble. Se arm\u00f3 en menos de dos semanas pero se logr\u00f3 y pudimos salir a construir. Hay muchos que nunca se hab\u00eda conocido y fue muy lindo ver c\u00f3mo se fueron armando los lazos entre las cuadrillas y ver que eran de distintas carreras\u201d, coment\u00f3 la estudiante de Derecho y que pertenece a la Pastoral UC.<\/p>\n<p>Diego Mendoza, alumno de Ciencia Pol\u00edtica, manifest\u00f3 la relevancia de estar en terreno para colaborar, explicando que no solo los aspectos acad\u00e9micos son los importantes a la hora de ser estudiante. \u201cComo cientista pol\u00edtico uno debe estar conectado con la realidad y con lo que pasa en el d\u00eda a d\u00eda. Con esto me dije a m\u00ed mismo que ten\u00eda que ir (a Santa Juana) y ayudar. Me sorprendi\u00f3 que en la cuadrilla ninguno fuera de la misma carrera. Nos hemos conectado muy bien y es una oportunidad de generar v\u00ednculos\u201d, esboz\u00f3.<\/p>\n<p>Finalmente, se espera que la UC siga generando espacios de encuentro, vinculaci\u00f3n y ayuda con los habitantes de Santa Juana. De momento, se est\u00e1n estableciendo puentes e ideas para brindar distintos soportes que sigan fortaleciendo los nexos entre la universidad y esa comunidad.<\/p>\n","protected":false},"excerpt":{"rendered":"<p>La iniciativa, que convoc\u00f3a a 85 estudiantes, cont\u00f3 con el apoyo de Fundaci\u00f3n Techo y el Instituto Nacional de la Juventud (INJUV). Adem\u00e1s, durante una visita en terreno, directivos de la universidad establecieron puentes con la alcaldesa, Ana Albornoz, para gestionar m\u00e1s ayuda. Apoyar en la reconstrucci\u00f3n de viviendas para familias que lo perdieron todo [&hellip;]<\/p>\n","protected":false},"author":1,"featured_media":2337,"menu_order":0,"comment_status":"open","ping_status":"open","template":"","format":"standard","meta":{"_acf_changed":false,"footnotes":""},"temas":[52,280,40,281,39,279],"class_list":["post-750","noticias","type-noticias","status-publish","format-standard","has-post-thumbnail","hentry","temas-chile","temas-damnificados","temas-estudiantes","temas-santajuana","temas-uc","temas-voluntarios"],"acf":[],"yoast_head":"<!-- This site is optimized with the Yoast SEO plugin v23.6 - https:\/\/yoast.com\/wordpress\/plugins\/seo\/ -->\n<title>La UC al servicio de Chile: voluntarios construyen ocho viviendas para familias damnificadas de Santa Juana - Direcci\u00f3n de Asuntos Estudiantiles<\/title>\n<meta name=\"description\" content=\"Ent\u00e9rate de todo lo que ocurre en la vida estudiantil de la UC y c\u00f3mo aprovechar al m\u00e1ximo tu experiencia universitaria\" \/>\n<meta name=\"robots\" content=\"index, follow, max-snippet:-1, max-image-preview:large, max-video-preview:-1\" \/>\n<link rel=\"canonical\" href=\"https:\/\/asuntosestudiantiles.uc.cl\/en\/noticias\/la-uc-al-servicio-de-chile-voluntarios-construyen-ocho-viviendas-para-familias-damnificadas-de-santa-juana\/\" \/>\n<meta property=\"og:locale\" content=\"en_US\" \/>\n<meta property=\"og:type\" content=\"article\" \/>\n<meta property=\"og:title\" content=\"La UC al servicio de Chile: voluntarios construyen ocho viviendas para familias damnificadas de Santa Juana - Direcci\u00f3n de Asuntos Estudiantiles\" \/>\n<meta property=\"og:description\" content=\"Ent\u00e9rate de todo lo que ocurre en la vida estudiantil de la UC y c\u00f3mo aprovechar al m\u00e1ximo tu experiencia universitaria\" \/>\n<meta property=\"og:url\" content=\"https:\/\/asuntosestudiantiles.uc.cl\/en\/noticias\/la-uc-al-servicio-de-chile-voluntarios-construyen-ocho-viviendas-para-familias-damnificadas-de-santa-juana\/\" \/>\n<meta property=\"og:site_name\" content=\"Direcci\u00f3n de Asuntos Estudiantiles\" \/>\n<meta property=\"article:modified_time\" content=\"2024-04-04T14:59:09+00:00\" \/>\n<meta property=\"og:image\" content=\"https:\/\/asuntosestudiantiles.uc.cl\/wp-content\/uploads\/2024\/04\/2023_voluntarios_construyen_viviendas_santajuana.png\" \/>\n\t<meta property=\"og:image:width\" content=\"545\" \/>\n\t<meta property=\"og:image:height\" content=\"700\" \/>\n\t<meta property=\"og:image:type\" content=\"image\/png\" \/>\n<meta name=\"twitter:card\" content=\"summary_large_image\" \/>\n<meta name=\"twitter:label1\" content=\"Est. reading time\" \/>\n\t<meta name=\"twitter:data1\" content=\"9 minutes\" \/>\n<script type=\"application\/ld+json\" class=\"yoast-schema-graph\">{\"@context\":\"https:\/\/schema.org\",\"@graph\":[{\"@type\":\"WebPage\",\"@id\":\"https:\/\/asuntosestudiantiles.uc.cl\/en\/noticias\/la-uc-al-servicio-de-chile-voluntarios-construyen-ocho-viviendas-para-familias-damnificadas-de-santa-juana\/\",\"url\":\"https:\/\/asuntosestudiantiles.uc.cl\/en\/noticias\/la-uc-al-servicio-de-chile-voluntarios-construyen-ocho-viviendas-para-familias-damnificadas-de-santa-juana\/\",\"name\":\"La UC al servicio de Chile: voluntarios construyen ocho viviendas para familias damnificadas de Santa Juana - Direcci\u00f3n de Asuntos Estudiantiles\",\"isPartOf\":{\"@id\":\"https:\/\/asuntosestudiantiles.uc.cl\/en\/#website\"},\"primaryImageOfPage\":{\"@id\":\"https:\/\/asuntosestudiantiles.uc.cl\/en\/noticias\/la-uc-al-servicio-de-chile-voluntarios-construyen-ocho-viviendas-para-familias-damnificadas-de-santa-juana\/#primaryimage\"},\"image\":{\"@id\":\"https:\/\/asuntosestudiantiles.uc.cl\/en\/noticias\/la-uc-al-servicio-de-chile-voluntarios-construyen-ocho-viviendas-para-familias-damnificadas-de-santa-juana\/#primaryimage\"},\"thumbnailUrl\":\"https:\/\/asuntosestudiantiles.uc.cl\/wp-content\/uploads\/2024\/04\/2023_voluntarios_construyen_viviendas_santajuana.png\",\"datePublished\":\"2023-05-05T00:00:00+00:00\",\"dateModified\":\"2024-04-04T14:59:09+00:00\",\"description\":\"Ent\u00e9rate de todo lo que ocurre en la vida estudiantil de la UC y c\u00f3mo aprovechar al m\u00e1ximo tu experiencia universitaria\",\"breadcrumb\":{\"@id\":\"https:\/\/asuntosestudiantiles.uc.cl\/en\/noticias\/la-uc-al-servicio-de-chile-voluntarios-construyen-ocho-viviendas-para-familias-damnificadas-de-santa-juana\/#breadcrumb\"},\"inLanguage\":\"en-US\",\"potentialAction\":[{\"@type\":\"ReadAction\",\"target\":[\"https:\/\/asuntosestudiantiles.uc.cl\/en\/noticias\/la-uc-al-servicio-de-chile-voluntarios-construyen-ocho-viviendas-para-familias-damnificadas-de-santa-juana\/\"]}]},{\"@type\":\"ImageObject\",\"inLanguage\":\"en-US\",\"@id\":\"https:\/\/asuntosestudiantiles.uc.cl\/en\/noticias\/la-uc-al-servicio-de-chile-voluntarios-construyen-ocho-viviendas-para-familias-damnificadas-de-santa-juana\/#primaryimage\",\"url\":\"https:\/\/asuntosestudiantiles.uc.cl\/wp-content\/uploads\/2024\/04\/2023_voluntarios_construyen_viviendas_santajuana.png\",\"contentUrl\":\"https:\/\/asuntosestudiantiles.uc.cl\/wp-content\/uploads\/2024\/04\/2023_voluntarios_construyen_viviendas_santajuana.png\",\"width\":545,\"height\":700,\"caption\":\"Estudiantes de la UC construyendo la base de una casa en Santa Juana\"},{\"@type\":\"BreadcrumbList\",\"@id\":\"https:\/\/asuntosestudiantiles.uc.cl\/en\/noticias\/la-uc-al-servicio-de-chile-voluntarios-construyen-ocho-viviendas-para-familias-damnificadas-de-santa-juana\/#breadcrumb\",\"itemListElement\":[{\"@type\":\"ListItem\",\"position\":1,\"name\":\"Portada\",\"item\":\"https:\/\/asuntosestudiantiles.uc.cl\/en\/\"},{\"@type\":\"ListItem\",\"position\":2,\"name\":\"Noticias\",\"item\":\"https:\/\/asuntosestudiantiles.uc.cl\/en\/noticias\/\"},{\"@type\":\"ListItem\",\"position\":3,\"name\":\"La UC al servicio de Chile: voluntarios construyen ocho viviendas para familias damnificadas de Santa Juana\"}]},{\"@type\":\"WebSite\",\"@id\":\"https:\/\/asuntosestudiantiles.uc.cl\/en\/#website\",\"url\":\"https:\/\/asuntosestudiantiles.uc.cl\/en\/\",\"name\":\"Direcci\u00f3n de Asuntos Estudiantiles\",\"description\":\"Vive la UC a trav\u00e9s del deporte, la salud, el bienestar y el desarrollo estudiantil\",\"potentialAction\":[{\"@type\":\"SearchAction\",\"target\":{\"@type\":\"EntryPoint\",\"urlTemplate\":\"https:\/\/asuntosestudiantiles.uc.cl\/en\/?s={search_term_string}\"},\"query-input\":{\"@type\":\"PropertyValueSpecification\",\"valueRequired\":true,\"valueName\":\"search_term_string\"}}],\"inLanguage\":\"en-US\"}]}<\/script>\n<!-- \/ Yoast SEO plugin. -->","yoast_head_json":{"title":"La UC al servicio de Chile: voluntarios construyen ocho viviendas para familias damnificadas de Santa Juana - Direcci\u00f3n de Asuntos Estudiantiles","description":"Ent\u00e9rate de todo lo que ocurre en la vida estudiantil de la UC y c\u00f3mo aprovechar al m\u00e1ximo tu experiencia universitaria","robots":{"index":"index","follow":"follow","max-snippet":"max-snippet:-1","max-image-preview":"max-image-preview:large","max-video-preview":"max-video-preview:-1"},"canonical":"https:\/\/asuntosestudiantiles.uc.cl\/en\/noticias\/la-uc-al-servicio-de-chile-voluntarios-construyen-ocho-viviendas-para-familias-damnificadas-de-santa-juana\/","og_locale":"en_US","og_type":"article","og_title":"La UC al servicio de Chile: voluntarios construyen ocho viviendas para familias damnificadas de Santa Juana - Direcci\u00f3n de Asuntos Estudiantiles","og_description":"Ent\u00e9rate de todo lo que ocurre en la vida estudiantil de la UC y c\u00f3mo aprovechar al m\u00e1ximo tu experiencia universitaria","og_url":"https:\/\/asuntosestudiantiles.uc.cl\/en\/noticias\/la-uc-al-servicio-de-chile-voluntarios-construyen-ocho-viviendas-para-familias-damnificadas-de-santa-juana\/","og_site_name":"Direcci\u00f3n de Asuntos Estudiantiles","article_modified_time":"2024-04-04T14:59:09+00:00","og_image":[{"width":545,"height":700,"url":"https:\/\/asuntosestudiantiles.uc.cl\/wp-content\/uploads\/2024\/04\/2023_voluntarios_construyen_viviendas_santajuana.png","type":"image\/png"}],"twitter_card":"summary_large_image","twitter_misc":{"Est. reading time":"9 minutes"},"schema":{"@context":"https:\/\/schema.org","@graph":[{"@type":"WebPage","@id":"https:\/\/asuntosestudiantiles.uc.cl\/en\/noticias\/la-uc-al-servicio-de-chile-voluntarios-construyen-ocho-viviendas-para-familias-damnificadas-de-santa-juana\/","url":"https:\/\/asuntosestudiantiles.uc.cl\/en\/noticias\/la-uc-al-servicio-de-chile-voluntarios-construyen-ocho-viviendas-para-familias-damnificadas-de-santa-juana\/","name":"La UC al servicio de Chile: voluntarios construyen ocho viviendas para familias damnificadas de Santa Juana - Direcci\u00f3n de Asuntos Estudiantiles","isPartOf":{"@id":"https:\/\/asuntosestudiantiles.uc.cl\/en\/#website"},"primaryImageOfPage":{"@id":"https:\/\/asuntosestudiantiles.uc.cl\/en\/noticias\/la-uc-al-servicio-de-chile-voluntarios-construyen-ocho-viviendas-para-familias-damnificadas-de-santa-juana\/#primaryimage"},"image":{"@id":"https:\/\/asuntosestudiantiles.uc.cl\/en\/noticias\/la-uc-al-servicio-de-chile-voluntarios-construyen-ocho-viviendas-para-familias-damnificadas-de-santa-juana\/#primaryimage"},"thumbnailUrl":"https:\/\/asuntosestudiantiles.uc.cl\/wp-content\/uploads\/2024\/04\/2023_voluntarios_construyen_viviendas_santajuana.png","datePublished":"2023-05-05T00:00:00+00:00","dateModified":"2024-04-04T14:59:09+00:00","description":"Ent\u00e9rate de todo lo que ocurre en la vida estudiantil de la UC y c\u00f3mo aprovechar al m\u00e1ximo tu experiencia universitaria","breadcrumb":{"@id":"https:\/\/asuntosestudiantiles.uc.cl\/en\/noticias\/la-uc-al-servicio-de-chile-voluntarios-construyen-ocho-viviendas-para-familias-damnificadas-de-santa-juana\/#breadcrumb"},"inLanguage":"en-US","potentialAction":[{"@type":"ReadAction","target":["https:\/\/asuntosestudiantiles.uc.cl\/en\/noticias\/la-uc-al-servicio-de-chile-voluntarios-construyen-ocho-viviendas-para-familias-damnificadas-de-santa-juana\/"]}]},{"@type":"ImageObject","inLanguage":"en-US","@id":"https:\/\/asuntosestudiantiles.uc.cl\/en\/noticias\/la-uc-al-servicio-de-chile-voluntarios-construyen-ocho-viviendas-para-familias-damnificadas-de-santa-juana\/#primaryimage","url":"https:\/\/asuntosestudiantiles.uc.cl\/wp-content\/uploads\/2024\/04\/2023_voluntarios_construyen_viviendas_santajuana.png","contentUrl":"https:\/\/asuntosestudiantiles.uc.cl\/wp-content\/uploads\/2024\/04\/2023_voluntarios_construyen_viviendas_santajuana.png","width":545,"height":700,"caption":"Estudiantes de la UC construyendo la base de una casa en Santa Juana"},{"@type":"BreadcrumbList","@id":"https:\/\/asuntosestudiantiles.uc.cl\/en\/noticias\/la-uc-al-servicio-de-chile-voluntarios-construyen-ocho-viviendas-para-familias-damnificadas-de-santa-juana\/#breadcrumb","itemListElement":[{"@type":"ListItem","position":1,"name":"Portada","item":"https:\/\/asuntosestudiantiles.uc.cl\/en\/"},{"@type":"ListItem","position":2,"name":"Noticias","item":"https:\/\/asuntosestudiantiles.uc.cl\/en\/noticias\/"},{"@type":"ListItem","position":3,"name":"La UC al servicio de Chile: voluntarios construyen ocho viviendas para familias damnificadas de Santa Juana"}]},{"@type":"WebSite","@id":"https:\/\/asuntosestudiantiles.uc.cl\/en\/#website","url":"https:\/\/asuntosestudiantiles.uc.cl\/en\/","name":"Direcci\u00f3n de Asuntos Estudiantiles","description":"Vive la UC a trav\u00e9s del deporte, la salud, el bienestar y el desarrollo estudiantil","potentialAction":[{"@type":"SearchAction","target":{"@type":"EntryPoint","urlTemplate":"https:\/\/asuntosestudiantiles.uc.cl\/en\/?s={search_term_string}"},"query-input":{"@type":"PropertyValueSpecification","valueRequired":true,"valueName":"search_term_string"}}],"inLanguage":"en-US"}]}},"_links":{"self":[{"href":"https:\/\/asuntosestudiantiles.uc.cl\/en\/wp-json\/wp\/v2\/noticias\/750","targetHints":{"allow":["GET"]}}],"collection":[{"href":"https:\/\/asuntosestudiantiles.uc.cl\/en\/wp-json\/wp\/v2\/noticias"}],"about":[{"href":"https:\/\/asuntosestudiantiles.uc.cl\/en\/wp-json\/wp\/v2\/types\/noticias"}],"author":[{"embeddable":true,"href":"https:\/\/asuntosestudiantiles.uc.cl\/en\/wp-json\/wp\/v2\/users\/1"}],"replies":[{"embeddable":true,"href":"https:\/\/asuntosestudiantiles.uc.cl\/en\/wp-json\/wp\/v2\/comments?post=750"}],"version-history":[{"count":0,"href":"https:\/\/asuntosestudiantiles.uc.cl\/en\/wp-json\/wp\/v2\/noticias\/750\/revisions"}],"wp:featuredmedia":[{"embeddable":true,"href":"https:\/\/asuntosestudiantiles.uc.cl\/en\/wp-json\/wp\/v2\/media\/2337"}],"wp:attachment":[{"href":"https:\/\/asuntosestudiantiles.uc.cl\/en\/wp-json\/wp\/v2\/media?parent=750"}],"wp:term":[{"taxonomy":"temas","embeddable":true,"href":"https:\/\/asuntosestudiantiles.uc.cl\/en\/wp-json\/wp\/v2\/temas?post=750"}],"curies":[{"name":"wp","href":"https:\/\/api.w.org\/{rel}","templated":true}]}}