
{"id":9181,"date":"2025-05-12T21:00:26","date_gmt":"2025-05-12T21:00:26","guid":{"rendered":"https:\/\/asuntosestudiantiles.uc.cl\/?post_type=noticias&#038;p=9181"},"modified":"2025-05-12T21:15:01","modified_gmt":"2025-05-12T21:15:01","slug":"con-exitoso-operativo-estudiantes-uc-chequearon-su-salud-visual","status":"publish","type":"noticias","link":"https:\/\/asuntosestudiantiles.uc.cl\/en\/noticias\/con-exitoso-operativo-estudiantes-uc-chequearon-su-salud-visual\/","title":{"rendered":"Con exitoso operativo: Estudiantes UC chequearon su salud visual"},"content":{"rendered":"\n<h3 class=\"wp-block-heading\">\u201cPreviene la Fatiga Visual en el Estudio\u201d fue una actividad realizada por la unidad de salud y bienestar f\u00edsico en conjunto con \u00f3pticas Schilling. La jornada permiti\u00f3 a los y las estudiantes realizarse chequeos oftalmol\u00f3gicos gratuitos y educarse sobre salud ocular de manera preventiva.<\/h3>\n\n\n\n<figure class=\"wp-block-image size-full\"><img loading=\"lazy\" decoding=\"async\" width=\"900\" height=\"500\" src=\"https:\/\/asuntosestudiantiles.uc.cl\/wp-content\/uploads\/2025\/05\/2.png\" alt=\"\" class=\"wp-image-9193\" srcset=\"https:\/\/asuntosestudiantiles.uc.cl\/wp-content\/uploads\/2025\/05\/2.png 900w, https:\/\/asuntosestudiantiles.uc.cl\/wp-content\/uploads\/2025\/05\/2-300x167.png 300w, https:\/\/asuntosestudiantiles.uc.cl\/wp-content\/uploads\/2025\/05\/2-768x427.png 768w\" sizes=\"auto, (max-width: 900px) 100vw, 900px\" \/><\/figure>\n\n\n\n<p>El pasado lunes 5 de mayo, la <strong>Unidad de <a href=\"https:\/\/asuntosestudiantiles.uc.cl\/bienestar-fisico\/\" target=\"_blank\" rel=\"noreferrer noopener\">Bienestar F\u00edsico<\/a> de la Direcci\u00f3n de Salud y Bienestar Estudiantil<\/strong> UC desarroll\u00f3 de manera exitosa la actividad &#8220;Previene la Fatiga Visual en el Estudio&#8221;, en el frontis del Hall Universitario del Campus San Joaqu\u00edn UC. La jornada se realiz\u00f3 en colaboraci\u00f3n con <a href=\"https:\/\/www.schilling.cl\/agendamiento?gad_source=1&amp;gad_campaignid=18146702538&amp;gbraid=0AAAAAo4rgVPsCcFBFRnNorspbuoNZKlDn&amp;gclid=CjwKCAjwuIbBBhBvEiwAsNypvTPklbB-Bhan2JQcJESuL6WgRuB5obZspiXnR1QB6eKGVrdJM3MBSBoCiMoQAvD_BwE\" target=\"_blank\" rel=\"noreferrer noopener\">\u00d3pticas Schilling<\/a> y se enmarca como un operativo en patio del <strong>programa Fortalece tu Cuidado<\/strong>, el cual busca promover h\u00e1bitos saludables y servicios preventivos enfocados en el bienestar integral de los y las estudiantes de la universidad.<\/p>\n\n\n\n<p>La actividad tuvo como objetivo central <strong>concientizar y prevenir la fatiga visual<\/strong> que afecta com\u00fanmente a estudiantes universitarios, quienes pasan largas horas frente a pantallas o textos durante sus jornadas de estudio. En este contexto, <strong>se ofrecieron evaluaciones visuales gratuitas<\/strong> que permitieron detectar signos tempranos de alteraciones visuales y entregar recomendaciones para el autocuidado ocular.<\/p>\n\n\n\n<p><strong>M\u00e1s de 70 estudiantes participaron en la jornada<\/strong>, accediendo a evaluaciones optom\u00e9tricas y de agudeza visual realizadas por profesionales del \u00e1rea, adem\u00e1s de recibir informaci\u00f3n \u00fatil para prevenir s\u00edntomas como el enrojecimiento ocular, visi\u00f3n borrosa, irritaci\u00f3n, o dolores de cabeza asociados a la fatiga visual.<\/p>\n\n\n\n<h2 class=\"wp-block-heading\">Una oportunidad para detectar patolog\u00edas de manera preventiva<\/h2>\n\n\n\n<p>Joaqu\u00edn Navea, enfermero de la unidad de Salud y Bienestar f\u00edsico, asegur\u00f3 que la actividad, realizada a lo largo del d\u00eda, tuvo un proceso de medici\u00f3n y consulta eficiente y veloz. Con respecto al contenido del operativo, el profesional cuenta que \u201cesta actividad, adem\u00e1s de medir diferentes capacidades visuales, busca dar <strong>ciertos tips con respecto a c\u00f3mo disminuir los cansancios oculares o irritaci\u00f3n<\/strong>, que son comunes cuando los estudiantes se someten al estudio que se necesita para rendir en el contexto acad\u00e9mico\u201d.<\/p>\n\n\n\n<p>Por su parte, Luciano Brevis, tecn\u00f3logo m\u00e9dico en oftalmolog\u00eda a cargo de las evaluaciones, coment\u00f3: \u201cRealizamos ex\u00e1menes para evaluar la agudeza visual de los estudiantes, identificar si necesitan lentes y derivar al examen visual en el m\u00f3vil con el que contamos hoy si es necesario. No se trata solo de ver si alguien necesita anteojos, sino tambi\u00e9n de <strong>detectar posibles patolog\u00edas y derivarlas a un especialista, de manera preventiva<\/strong>\u201d.<\/p>\n\n\n\n<p>Respecto a la comunidad universitaria, agrega que por lo general \u201c<strong>en la etapa universitaria se comienzan a utilizar anteojos por desgaste y fatiga visual<\/strong> que produce el estudio propiamente tal. El uso del computador, las luces, mucha lectura o el esfuerzo de la vista para ver las diapositivas en clases, produce molestias en los ojos, como resequedad o dolores de cabeza\u201d comenta el tecn\u00f3logo m\u00e9dico.<\/p>\n\n\n\n<figure class=\"wp-block-image size-full\"><img loading=\"lazy\" decoding=\"async\" width=\"900\" height=\"500\" src=\"https:\/\/asuntosestudiantiles.uc.cl\/wp-content\/uploads\/2025\/05\/Plantilla-fotos-interiores-web.png\" alt=\"\" class=\"wp-image-9185\" srcset=\"https:\/\/asuntosestudiantiles.uc.cl\/wp-content\/uploads\/2025\/05\/Plantilla-fotos-interiores-web.png 900w, https:\/\/asuntosestudiantiles.uc.cl\/wp-content\/uploads\/2025\/05\/Plantilla-fotos-interiores-web-300x167.png 300w, https:\/\/asuntosestudiantiles.uc.cl\/wp-content\/uploads\/2025\/05\/Plantilla-fotos-interiores-web-768x427.png 768w\" sizes=\"auto, (max-width: 900px) 100vw, 900px\" \/><\/figure>\n\n\n\n<h2 class=\"wp-block-heading\">Operativo en el patio y gratuito<\/h2>\n\n\n\n<p>La actividad tuvo una excelente convocatoria y recepci\u00f3n de parte de los y las estudiantes. Katherine Flores, alumna de F\u00edsica UC, valor\u00f3 la instancia y menciona: \u201cTuve la oportunidad de hacerme el examen visual en este operativo y <strong>me pareci\u00f3 una muy buena iniciativa<\/strong>. <strong>Es bueno chequearse m\u00e1s seguido y tomarle importancia a la vista<\/strong>, porque generalmente la forzamos mucho. Que la universidad se preocupe de estos temas sin duda ayuda a nuestro rendimiento acad\u00e9mico.\u201d<\/p>\n\n\n\n<p>Chequearse para muchos, vino con un diagn\u00f3stico, Gabriela Cort\u00e9s, descubri\u00f3 gracias al operativo, que ten\u00eda astigmatismo. \u201cAprovech\u00e9 que pasaba por el patio, me hice el examen y me detectaron astigmatismo. Sab\u00eda que ir a verme los ojos era algo que ten\u00eda pendiente, pero no ten\u00eda tiempo. <strong>Fue una oportunidad perfecta para atenderme sin gastar dinero ni interrumpir mis clases<\/strong>\u201d, cuenta la estudiante de construcci\u00f3n civil, con su receta en mano mientras ojea modelos de anteojos disponibles para prueba, dispuestos en el patio.<\/p>\n\n\n\n<p>De manera preventiva, varios aprovecharon la instancia para hacerse el examen, aun sin tener problemas significativos o problemas en la vista. \u201cPas\u00e9 y ten\u00edan disponibles horas para chequeo y quise ver c\u00f3mo estaban mis ojos, y a pesar de que me encontraron todo normal, <strong>aprend\u00ed que es importante ir anualmente a revisarme<\/strong>, as\u00ed que me quedo tranquilo\u201d, dice Felipe Subiabre, estudiante de licenciatura en ciencia de datos.<\/p>\n\n\n\n<p>La actividad, no solo entreg\u00f3 diagn\u00f3sticos preventivos, sino que adem\u00e1s, <strong>el convenio con \u00d3pticas Schilling permiti\u00f3 entregar cupones de descuento<\/strong> a los y las estudiantes para la compra de lentes \u00f3pticos o de sol con protecci\u00f3n UV.<\/p>\n\n\n\n<figure class=\"wp-block-image size-full\"><img loading=\"lazy\" decoding=\"async\" width=\"900\" height=\"500\" src=\"https:\/\/asuntosestudiantiles.uc.cl\/wp-content\/uploads\/2025\/05\/Plantilla-fotos-interiores-web-1.png\" alt=\"\" class=\"wp-image-9189\" srcset=\"https:\/\/asuntosestudiantiles.uc.cl\/wp-content\/uploads\/2025\/05\/Plantilla-fotos-interiores-web-1.png 900w, https:\/\/asuntosestudiantiles.uc.cl\/wp-content\/uploads\/2025\/05\/Plantilla-fotos-interiores-web-1-300x167.png 300w, https:\/\/asuntosestudiantiles.uc.cl\/wp-content\/uploads\/2025\/05\/Plantilla-fotos-interiores-web-1-768x427.png 768w\" sizes=\"auto, (max-width: 900px) 100vw, 900px\" \/><\/figure>\n\n\n\n<p><\/p>\n","protected":false},"excerpt":{"rendered":"<p>\u201cPreviene la Fatiga Visual en el Estudio\u201d fue una actividad realizada por la unidad de salud y bienestar f\u00edsico en conjunto con \u00f3pticas Schilling. La jornada permiti\u00f3 a los y las estudiantes realizarse chequeos oftalmol\u00f3gicos gratuitos y educarse sobre salud ocular de manera preventiva. El pasado lunes 5 de mayo, la Unidad de Bienestar F\u00edsico [&hellip;]<\/p>\n","protected":false},"author":9,"featured_media":9197,"menu_order":0,"comment_status":"closed","ping_status":"open","template":"","format":"standard","meta":{"_acf_changed":false,"footnotes":""},"temas":[589],"class_list":["post-9181","noticias","type-noticias","status-publish","format-standard","has-post-thumbnail","hentry","temas-salud-fisica"],"acf":[],"yoast_head":"<!-- This site is optimized with the Yoast SEO plugin v23.6 - https:\/\/yoast.com\/wordpress\/plugins\/seo\/ -->\n<title>Con exitoso operativo: Estudiantes UC chequearon su salud visual - Direcci\u00f3n de Asuntos Estudiantiles<\/title>\n<meta name=\"description\" content=\"\u201cPreviene la Fatiga Visual en el Estudio\u201d fue la actividad realizada por Salud y Bienestar Estudiantil que permiti\u00f3 chequeos gratuitos\" \/>\n<meta name=\"robots\" content=\"index, follow, max-snippet:-1, max-image-preview:large, max-video-preview:-1\" \/>\n<link rel=\"canonical\" href=\"https:\/\/asuntosestudiantiles.uc.cl\/en\/noticias\/con-exitoso-operativo-estudiantes-uc-chequearon-su-salud-visual\/\" \/>\n<meta property=\"og:locale\" content=\"en_US\" \/>\n<meta property=\"og:type\" content=\"article\" \/>\n<meta property=\"og:title\" content=\"Con exitoso operativo: Estudiantes UC chequearon su salud visual - Direcci\u00f3n de Asuntos Estudiantiles\" \/>\n<meta property=\"og:description\" content=\"\u201cPreviene la Fatiga Visual en el Estudio\u201d fue la actividad realizada por Salud y Bienestar Estudiantil que permiti\u00f3 chequeos gratuitos\" \/>\n<meta property=\"og:url\" content=\"https:\/\/asuntosestudiantiles.uc.cl\/en\/noticias\/con-exitoso-operativo-estudiantes-uc-chequearon-su-salud-visual\/\" \/>\n<meta property=\"og:site_name\" content=\"Direcci\u00f3n de Asuntos Estudiantiles\" \/>\n<meta property=\"article:modified_time\" content=\"2025-05-12T21:15:01+00:00\" \/>\n<meta property=\"og:image\" content=\"https:\/\/asuntosestudiantiles.uc.cl\/wp-content\/uploads\/2025\/05\/1-1.jpg\" \/>\n\t<meta property=\"og:image:width\" content=\"545\" \/>\n\t<meta property=\"og:image:height\" content=\"700\" \/>\n\t<meta property=\"og:image:type\" content=\"image\/jpeg\" \/>\n<meta name=\"twitter:card\" content=\"summary_large_image\" \/>\n<meta name=\"twitter:label1\" content=\"Est. reading time\" \/>\n\t<meta name=\"twitter:data1\" content=\"5 minutes\" \/>\n<script type=\"application\/ld+json\" class=\"yoast-schema-graph\">{\"@context\":\"https:\/\/schema.org\",\"@graph\":[{\"@type\":\"WebPage\",\"@id\":\"https:\/\/asuntosestudiantiles.uc.cl\/en\/noticias\/con-exitoso-operativo-estudiantes-uc-chequearon-su-salud-visual\/\",\"url\":\"https:\/\/asuntosestudiantiles.uc.cl\/en\/noticias\/con-exitoso-operativo-estudiantes-uc-chequearon-su-salud-visual\/\",\"name\":\"Con exitoso operativo: Estudiantes UC chequearon su salud visual - Direcci\u00f3n de Asuntos Estudiantiles\",\"isPartOf\":{\"@id\":\"https:\/\/asuntosestudiantiles.uc.cl\/en\/#website\"},\"primaryImageOfPage\":{\"@id\":\"https:\/\/asuntosestudiantiles.uc.cl\/en\/noticias\/con-exitoso-operativo-estudiantes-uc-chequearon-su-salud-visual\/#primaryimage\"},\"image\":{\"@id\":\"https:\/\/asuntosestudiantiles.uc.cl\/en\/noticias\/con-exitoso-operativo-estudiantes-uc-chequearon-su-salud-visual\/#primaryimage\"},\"thumbnailUrl\":\"https:\/\/asuntosestudiantiles.uc.cl\/wp-content\/uploads\/2025\/05\/1-1.jpg\",\"datePublished\":\"2025-05-12T21:00:26+00:00\",\"dateModified\":\"2025-05-12T21:15:01+00:00\",\"description\":\"\u201cPreviene la Fatiga Visual en el Estudio\u201d fue la actividad realizada por Salud y Bienestar Estudiantil que permiti\u00f3 chequeos gratuitos\",\"breadcrumb\":{\"@id\":\"https:\/\/asuntosestudiantiles.uc.cl\/en\/noticias\/con-exitoso-operativo-estudiantes-uc-chequearon-su-salud-visual\/#breadcrumb\"},\"inLanguage\":\"en-US\",\"potentialAction\":[{\"@type\":\"ReadAction\",\"target\":[\"https:\/\/asuntosestudiantiles.uc.cl\/en\/noticias\/con-exitoso-operativo-estudiantes-uc-chequearon-su-salud-visual\/\"]}]},{\"@type\":\"ImageObject\",\"inLanguage\":\"en-US\",\"@id\":\"https:\/\/asuntosestudiantiles.uc.cl\/en\/noticias\/con-exitoso-operativo-estudiantes-uc-chequearon-su-salud-visual\/#primaryimage\",\"url\":\"https:\/\/asuntosestudiantiles.uc.cl\/wp-content\/uploads\/2025\/05\/1-1.jpg\",\"contentUrl\":\"https:\/\/asuntosestudiantiles.uc.cl\/wp-content\/uploads\/2025\/05\/1-1.jpg\",\"width\":545,\"height\":700},{\"@type\":\"BreadcrumbList\",\"@id\":\"https:\/\/asuntosestudiantiles.uc.cl\/en\/noticias\/con-exitoso-operativo-estudiantes-uc-chequearon-su-salud-visual\/#breadcrumb\",\"itemListElement\":[{\"@type\":\"ListItem\",\"position\":1,\"name\":\"Portada\",\"item\":\"https:\/\/asuntosestudiantiles.uc.cl\/en\/\"},{\"@type\":\"ListItem\",\"position\":2,\"name\":\"Noticias\",\"item\":\"https:\/\/asuntosestudiantiles.uc.cl\/en\/noticias\/\"},{\"@type\":\"ListItem\",\"position\":3,\"name\":\"Con exitoso operativo: Estudiantes UC chequearon su salud visual\"}]},{\"@type\":\"WebSite\",\"@id\":\"https:\/\/asuntosestudiantiles.uc.cl\/en\/#website\",\"url\":\"https:\/\/asuntosestudiantiles.uc.cl\/en\/\",\"name\":\"Direcci\u00f3n de Asuntos Estudiantiles\",\"description\":\"Vive la UC a trav\u00e9s del deporte, la salud, el bienestar y el desarrollo estudiantil\",\"potentialAction\":[{\"@type\":\"SearchAction\",\"target\":{\"@type\":\"EntryPoint\",\"urlTemplate\":\"https:\/\/asuntosestudiantiles.uc.cl\/en\/?s={search_term_string}\"},\"query-input\":{\"@type\":\"PropertyValueSpecification\",\"valueRequired\":true,\"valueName\":\"search_term_string\"}}],\"inLanguage\":\"en-US\"}]}<\/script>\n<!-- \/ Yoast SEO plugin. -->","yoast_head_json":{"title":"Con exitoso operativo: Estudiantes UC chequearon su salud visual - Direcci\u00f3n de Asuntos Estudiantiles","description":"\u201cPreviene la Fatiga Visual en el Estudio\u201d fue la actividad realizada por Salud y Bienestar Estudiantil que permiti\u00f3 chequeos gratuitos","robots":{"index":"index","follow":"follow","max-snippet":"max-snippet:-1","max-image-preview":"max-image-preview:large","max-video-preview":"max-video-preview:-1"},"canonical":"https:\/\/asuntosestudiantiles.uc.cl\/en\/noticias\/con-exitoso-operativo-estudiantes-uc-chequearon-su-salud-visual\/","og_locale":"en_US","og_type":"article","og_title":"Con exitoso operativo: Estudiantes UC chequearon su salud visual - Direcci\u00f3n de Asuntos Estudiantiles","og_description":"\u201cPreviene la Fatiga Visual en el Estudio\u201d fue la actividad realizada por Salud y Bienestar Estudiantil que permiti\u00f3 chequeos gratuitos","og_url":"https:\/\/asuntosestudiantiles.uc.cl\/en\/noticias\/con-exitoso-operativo-estudiantes-uc-chequearon-su-salud-visual\/","og_site_name":"Direcci\u00f3n de Asuntos Estudiantiles","article_modified_time":"2025-05-12T21:15:01+00:00","og_image":[{"width":545,"height":700,"url":"https:\/\/asuntosestudiantiles.uc.cl\/wp-content\/uploads\/2025\/05\/1-1.jpg","type":"image\/jpeg"}],"twitter_card":"summary_large_image","twitter_misc":{"Est. reading time":"5 minutes"},"schema":{"@context":"https:\/\/schema.org","@graph":[{"@type":"WebPage","@id":"https:\/\/asuntosestudiantiles.uc.cl\/en\/noticias\/con-exitoso-operativo-estudiantes-uc-chequearon-su-salud-visual\/","url":"https:\/\/asuntosestudiantiles.uc.cl\/en\/noticias\/con-exitoso-operativo-estudiantes-uc-chequearon-su-salud-visual\/","name":"Con exitoso operativo: Estudiantes UC chequearon su salud visual - Direcci\u00f3n de Asuntos Estudiantiles","isPartOf":{"@id":"https:\/\/asuntosestudiantiles.uc.cl\/en\/#website"},"primaryImageOfPage":{"@id":"https:\/\/asuntosestudiantiles.uc.cl\/en\/noticias\/con-exitoso-operativo-estudiantes-uc-chequearon-su-salud-visual\/#primaryimage"},"image":{"@id":"https:\/\/asuntosestudiantiles.uc.cl\/en\/noticias\/con-exitoso-operativo-estudiantes-uc-chequearon-su-salud-visual\/#primaryimage"},"thumbnailUrl":"https:\/\/asuntosestudiantiles.uc.cl\/wp-content\/uploads\/2025\/05\/1-1.jpg","datePublished":"2025-05-12T21:00:26+00:00","dateModified":"2025-05-12T21:15:01+00:00","description":"\u201cPreviene la Fatiga Visual en el Estudio\u201d fue la actividad realizada por Salud y Bienestar Estudiantil que permiti\u00f3 chequeos gratuitos","breadcrumb":{"@id":"https:\/\/asuntosestudiantiles.uc.cl\/en\/noticias\/con-exitoso-operativo-estudiantes-uc-chequearon-su-salud-visual\/#breadcrumb"},"inLanguage":"en-US","potentialAction":[{"@type":"ReadAction","target":["https:\/\/asuntosestudiantiles.uc.cl\/en\/noticias\/con-exitoso-operativo-estudiantes-uc-chequearon-su-salud-visual\/"]}]},{"@type":"ImageObject","inLanguage":"en-US","@id":"https:\/\/asuntosestudiantiles.uc.cl\/en\/noticias\/con-exitoso-operativo-estudiantes-uc-chequearon-su-salud-visual\/#primaryimage","url":"https:\/\/asuntosestudiantiles.uc.cl\/wp-content\/uploads\/2025\/05\/1-1.jpg","contentUrl":"https:\/\/asuntosestudiantiles.uc.cl\/wp-content\/uploads\/2025\/05\/1-1.jpg","width":545,"height":700},{"@type":"BreadcrumbList","@id":"https:\/\/asuntosestudiantiles.uc.cl\/en\/noticias\/con-exitoso-operativo-estudiantes-uc-chequearon-su-salud-visual\/#breadcrumb","itemListElement":[{"@type":"ListItem","position":1,"name":"Portada","item":"https:\/\/asuntosestudiantiles.uc.cl\/en\/"},{"@type":"ListItem","position":2,"name":"Noticias","item":"https:\/\/asuntosestudiantiles.uc.cl\/en\/noticias\/"},{"@type":"ListItem","position":3,"name":"Con exitoso operativo: Estudiantes UC chequearon su salud visual"}]},{"@type":"WebSite","@id":"https:\/\/asuntosestudiantiles.uc.cl\/en\/#website","url":"https:\/\/asuntosestudiantiles.uc.cl\/en\/","name":"Direcci\u00f3n de Asuntos Estudiantiles","description":"Vive la UC a trav\u00e9s del deporte, la salud, el bienestar y el desarrollo estudiantil","potentialAction":[{"@type":"SearchAction","target":{"@type":"EntryPoint","urlTemplate":"https:\/\/asuntosestudiantiles.uc.cl\/en\/?s={search_term_string}"},"query-input":{"@type":"PropertyValueSpecification","valueRequired":true,"valueName":"search_term_string"}}],"inLanguage":"en-US"}]}},"_links":{"self":[{"href":"https:\/\/asuntosestudiantiles.uc.cl\/en\/wp-json\/wp\/v2\/noticias\/9181","targetHints":{"allow":["GET"]}}],"collection":[{"href":"https:\/\/asuntosestudiantiles.uc.cl\/en\/wp-json\/wp\/v2\/noticias"}],"about":[{"href":"https:\/\/asuntosestudiantiles.uc.cl\/en\/wp-json\/wp\/v2\/types\/noticias"}],"author":[{"embeddable":true,"href":"https:\/\/asuntosestudiantiles.uc.cl\/en\/wp-json\/wp\/v2\/users\/9"}],"replies":[{"embeddable":true,"href":"https:\/\/asuntosestudiantiles.uc.cl\/en\/wp-json\/wp\/v2\/comments?post=9181"}],"version-history":[{"count":3,"href":"https:\/\/asuntosestudiantiles.uc.cl\/en\/wp-json\/wp\/v2\/noticias\/9181\/revisions"}],"predecessor-version":[{"id":9207,"href":"https:\/\/asuntosestudiantiles.uc.cl\/en\/wp-json\/wp\/v2\/noticias\/9181\/revisions\/9207"}],"wp:featuredmedia":[{"embeddable":true,"href":"https:\/\/asuntosestudiantiles.uc.cl\/en\/wp-json\/wp\/v2\/media\/9197"}],"wp:attachment":[{"href":"https:\/\/asuntosestudiantiles.uc.cl\/en\/wp-json\/wp\/v2\/media?parent=9181"}],"wp:term":[{"taxonomy":"temas","embeddable":true,"href":"https:\/\/asuntosestudiantiles.uc.cl\/en\/wp-json\/wp\/v2\/temas?post=9181"}],"curies":[{"name":"wp","href":"https:\/\/api.w.org\/{rel}","templated":true}]}}