
{"id":9765,"date":"2025-05-30T18:01:34","date_gmt":"2025-05-30T18:01:34","guid":{"rendered":"https:\/\/asuntosestudiantiles.uc.cl\/?post_type=noticias&#038;p=9765"},"modified":"2025-05-30T18:04:24","modified_gmt":"2025-05-30T18:04:24","slug":"leon-xiv-un-pontifice-del-dialogo-la-espiritualidad-y-la-modernidad","status":"publish","type":"noticias","link":"https:\/\/asuntosestudiantiles.uc.cl\/en\/noticias\/leon-xiv-un-pontifice-del-dialogo-la-espiritualidad-y-la-modernidad\/","title":{"rendered":"Le\u00f3n XIV: Un pont\u00edfice del di\u00e1logo, la espiritualidad y la modernidad"},"content":{"rendered":"\n<figure class=\"wp-block-image size-full\"><img loading=\"lazy\" decoding=\"async\" width=\"900\" height=\"500\" src=\"https:\/\/asuntosestudiantiles.uc.cl\/wp-content\/uploads\/2025\/05\/papa-leon-XIV-su-lado-mas-cercano.png\" alt=\"\" class=\"wp-image-9767\" srcset=\"https:\/\/asuntosestudiantiles.uc.cl\/wp-content\/uploads\/2025\/05\/papa-leon-XIV-su-lado-mas-cercano.png 900w, https:\/\/asuntosestudiantiles.uc.cl\/wp-content\/uploads\/2025\/05\/papa-leon-XIV-su-lado-mas-cercano-300x167.png 300w, https:\/\/asuntosestudiantiles.uc.cl\/wp-content\/uploads\/2025\/05\/papa-leon-XIV-su-lado-mas-cercano-768x427.png 768w\" sizes=\"auto, (max-width: 900px) 100vw, 900px\" \/><\/figure>\n\n\n\n<p>El pasado 8 de mayo de 2025, la <a href=\"https:\/\/www.vatican.va\/content\/vatican\/es.html\" target=\"_blank\" rel=\"noreferrer noopener\">Iglesia Cat\u00f3lica<\/a> vivi\u00f3 un momento hist\u00f3rico con la elecci\u00f3n de <strong>Robert Francis Prevost<\/strong> como el nuevo sumo pont\u00edfice. Bajo el nombre de Le\u00f3n XIV, se convierte en <strong>el primer papa estadounidense<\/strong>, con una profunda conexi\u00f3n con Am\u00e9rica Latina, gracias a sus a\u00f1os de servicio en Per\u00fa.<\/p>\n\n\n\n<p>Nacido en Chicago (EE.UU.) en 1955, Le\u00f3n XIV ha desarrollado <strong>una trayectoria marcada por la espiritualidad, el compromiso social y la interculturalidad<\/strong>. Misionero durante m\u00e1s de una d\u00e9cada en <strong>Per\u00fa<\/strong>, lleg\u00f3 a ser obispo de Chiclayo y posteriormente prefecto del Dicasterio para los Obispos, en el Vaticano.<\/p>\n\n\n\n<h2 class=\"wp-block-heading\">Formaci\u00f3n acad\u00e9mica s\u00f3lida y vocaci\u00f3n pastoral<\/h2>\n\n\n\n<p><strong>Miembro de la Orden de San Agust\u00edn<\/strong>, estudi\u00f3 matem\u00e1ticas y filosof\u00eda en Villanova University, complet\u00f3 una maestr\u00eda en Divinidad en Misi\u00f3n Intercultural en la Catholic Theological Union de su ciudad natal, as\u00ed como tambi\u00e9n una licenciatura y un doctorado en Derecho Can\u00f3nico en la Pontificia Universidad de Santo Tom\u00e1s de Aquino, en Roma. Su liderazgo se ha caracterizado por el di\u00e1logo pastoral, la escucha y la promoci\u00f3n de vocaciones. En su elecci\u00f3n del nombre \u201cLe\u00f3n XIV\u201d, <strong>rinde homenaje a Le\u00f3n XIII, papa defensor de la doctrina social de la Iglesia <\/strong>y pionero en la reflexi\u00f3n sobre el trabajo y la dignidad humana.<\/p>\n\n\n\n<p>Por otro lado, <strong>Le\u00f3n XIV es pol\u00edglota<\/strong>: habla con fluidez ingl\u00e9s, espa\u00f1ol, italiano, franc\u00e9s, portugu\u00e9s, quechua y lee en lat\u00edn y alem\u00e1n. Este dominio de idiomas le permite dialogar directamente con comunidades de distintos continentes y culturas, lo que fue clave en sus a\u00f1os como l\u00edder religioso, tanto en Latinoam\u00e9rica como en el Vaticano.<\/p>\n\n\n\n<h2 class=\"wp-block-heading\">Un pont\u00edfice humano y cercano<\/h2>\n\n\n\n<p>M\u00e1s all\u00e1 de su s\u00f3lida formaci\u00f3n intelectual y su experiencia pastoral, el Papa Le\u00f3n XIV ha captado r\u00e1pidamente la atenci\u00f3n del mundo por su estilo accesible, espont\u00e1neo y profundamente humano. Desde su elecci\u00f3n, ha mostrado <strong>una personalidad sencilla y cercana<\/strong>, que se refleja tanto en sus palabras como en sus gestos cotidianos.<\/p>\n\n\n\n<p>Su sentido del humor ha sido una de las cualidades que m\u00e1s simpat\u00eda ha generado. En una conversaci\u00f3n informal, coment\u00f3 con una sonrisa que estar\u00eda dispuesto a jugar un partido de tenis \u201csi no traen a Sinner\u201d, en alusi\u00f3n al tenista italiano Jannik Sinner. La frase, que se volvi\u00f3 viral en redes sociales y medios deportivos, evidenci\u00f3 su naturalidad para conectar con el p\u00fablico desde el humor, sin perder profundidad en sus mensajes.<\/p>\n\n\n\n<p>Este rasgo l\u00fadico tambi\u00e9n se expresa en su gusto por los juegos de palabras, especialmente el popular juego Wordle, \u201cLo suyo es Wordle y Words with Friends\u201d, que les ayuda, seg\u00fan comenta el propio hermano, a mantener la mente despierta. Esta pr\u00e1ctica, m\u00e1s all\u00e1 del entretenimiento, refleja <strong>una mente \u00e1gil, atenta al lenguaje y a los v\u00ednculos familiares<\/strong>, y una personalidad que valora el contacto cotidiano con quienes lo rodean.<\/p>\n\n\n\n<figure class=\"wp-block-image size-large\"><img loading=\"lazy\" decoding=\"async\" width=\"1024\" height=\"675\" src=\"https:\/\/asuntosestudiantiles.uc.cl\/wp-content\/uploads\/2025\/05\/papa-en-peru-1-1024x675.png\" alt=\"\" class=\"wp-image-9771\" srcset=\"https:\/\/asuntosestudiantiles.uc.cl\/wp-content\/uploads\/2025\/05\/papa-en-peru-1-1024x675.png 1024w, https:\/\/asuntosestudiantiles.uc.cl\/wp-content\/uploads\/2025\/05\/papa-en-peru-1-300x198.png 300w, https:\/\/asuntosestudiantiles.uc.cl\/wp-content\/uploads\/2025\/05\/papa-en-peru-1-768x506.png 768w, https:\/\/asuntosestudiantiles.uc.cl\/wp-content\/uploads\/2025\/05\/papa-en-peru-1-1536x1013.png 1536w, https:\/\/asuntosestudiantiles.uc.cl\/wp-content\/uploads\/2025\/05\/papa-en-peru-1.png 2048w\" sizes=\"auto, (max-width: 1024px) 100vw, 1024px\" \/><\/figure>\n\n\n\n<p>Su afici\u00f3n por el deporte no se limita al tenis. Desde joven, <strong>es seguidor del equipo de b\u00e9isbol Chicago White Sox<\/strong> y no ha ocultado su entusiasmo por este deporte, un pasatiempos que lo conecta con sus ra\u00edces y su ciudad natal.  Incluso el papa fue visto usando un smartwatch, en una de sus primeras apariciones como papa. Este acontecimiento despert\u00f3 comentarios positivos sobre su cercan\u00eda con la tecnolog\u00eda y <strong>su adaptaci\u00f3n natural a los tiempos actuales.<\/strong><\/p>\n\n\n\n<h2 class=\"wp-block-heading\">Una Iglesia que dialoga<\/h2>\n\n\n\n<p>Adem\u00e1s de estos pasatiempos, Le\u00f3n XIV ha compartido su aprecio por actividades simples y contemplativas. \u201c<strong>Me gusta mucho leer, dar largos paseos, viajar, conocer sitios nuevos y disfrutar del campo<\/strong> en un entorno diferente\u201d, ha dicho en entrevistas previas. Revelando una espiritualidad profundamente conectada con la naturaleza, el silencio y el conocimiento.<\/p>\n\n\n\n<p>Todos estos detalles \u2014su simpat\u00eda, sus pasatiempos, su calidez familiar y su apertura al mundo moderno\u2014 configuran un perfil de liderazgo espiritual profundamente humano. El Papa Le\u00f3n XIV representa a <strong>una Iglesia que dialoga con la cultura, valora lo cotidiano y no teme mostrarse sencilla, accesible y aut\u00e9ntica<\/strong>.<\/p>\n\n\n\n<figure class=\"wp-block-image size-full\"><img loading=\"lazy\" decoding=\"async\" width=\"545\" height=\"700\" src=\"https:\/\/asuntosestudiantiles.uc.cl\/wp-content\/uploads\/2025\/05\/papa-Leon-XIV-foto-oficial.png\" alt=\"\" class=\"wp-image-9775\" srcset=\"https:\/\/asuntosestudiantiles.uc.cl\/wp-content\/uploads\/2025\/05\/papa-Leon-XIV-foto-oficial.png 545w, https:\/\/asuntosestudiantiles.uc.cl\/wp-content\/uploads\/2025\/05\/papa-Leon-XIV-foto-oficial-234x300.png 234w\" sizes=\"auto, (max-width: 545px) 100vw, 545px\" \/><\/figure>\n","protected":false},"excerpt":{"rendered":"<p>El pasado 8 de mayo de 2025, la Iglesia Cat\u00f3lica vivi\u00f3 un momento hist\u00f3rico con la elecci\u00f3n de Robert Francis Prevost como el nuevo sumo pont\u00edfice. Bajo el nombre de Le\u00f3n XIV, se convierte en el primer papa estadounidense, con una profunda conexi\u00f3n con Am\u00e9rica Latina, gracias a sus a\u00f1os de servicio en Per\u00fa. Nacido [&hellip;]<\/p>\n","protected":false},"author":9,"featured_media":9775,"menu_order":0,"comment_status":"closed","ping_status":"open","template":"","format":"standard","meta":{"_acf_changed":false,"footnotes":""},"temas":[569],"class_list":["post-9765","noticias","type-noticias","status-publish","format-standard","has-post-thumbnail","hentry","temas-iglesia"],"acf":[],"yoast_head":"<!-- This site is optimized with the Yoast SEO plugin v23.6 - https:\/\/yoast.com\/wordpress\/plugins\/seo\/ -->\n<title>Le\u00f3n XIV: Un pont\u00edfice del di\u00e1logo, la espiritualidad y la modernidad - Direcci\u00f3n de Asuntos Estudiantiles<\/title>\n<meta name=\"description\" content=\"Bajo el nombre de Le\u00f3n XIV, Robert Prevost se convirti\u00f3 en el primer papa estadounidense, con una profunda conexi\u00f3n con Am\u00e9rica Latina\" \/>\n<meta name=\"robots\" content=\"index, follow, max-snippet:-1, max-image-preview:large, max-video-preview:-1\" \/>\n<link rel=\"canonical\" href=\"https:\/\/asuntosestudiantiles.uc.cl\/en\/noticias\/leon-xiv-un-pontifice-del-dialogo-la-espiritualidad-y-la-modernidad\/\" \/>\n<meta property=\"og:locale\" content=\"en_US\" \/>\n<meta property=\"og:type\" content=\"article\" \/>\n<meta property=\"og:title\" content=\"Le\u00f3n XIV: Un pont\u00edfice del di\u00e1logo, la espiritualidad y la modernidad - Direcci\u00f3n de Asuntos Estudiantiles\" \/>\n<meta property=\"og:description\" content=\"Bajo el nombre de Le\u00f3n XIV, Robert Prevost se convirti\u00f3 en el primer papa estadounidense, con una profunda conexi\u00f3n con Am\u00e9rica Latina\" \/>\n<meta property=\"og:url\" content=\"https:\/\/asuntosestudiantiles.uc.cl\/en\/noticias\/leon-xiv-un-pontifice-del-dialogo-la-espiritualidad-y-la-modernidad\/\" \/>\n<meta property=\"og:site_name\" content=\"Direcci\u00f3n de Asuntos Estudiantiles\" \/>\n<meta property=\"article:modified_time\" content=\"2025-05-30T18:04:24+00:00\" \/>\n<meta property=\"og:image\" content=\"https:\/\/asuntosestudiantiles.uc.cl\/wp-content\/uploads\/2025\/05\/papa-Leon-XIV-foto-oficial.png\" \/>\n\t<meta property=\"og:image:width\" content=\"545\" \/>\n\t<meta property=\"og:image:height\" content=\"700\" \/>\n\t<meta property=\"og:image:type\" content=\"image\/png\" \/>\n<meta name=\"twitter:card\" content=\"summary_large_image\" \/>\n<meta name=\"twitter:label1\" content=\"Est. reading time\" \/>\n\t<meta name=\"twitter:data1\" content=\"4 minutes\" \/>\n<script type=\"application\/ld+json\" class=\"yoast-schema-graph\">{\"@context\":\"https:\/\/schema.org\",\"@graph\":[{\"@type\":\"WebPage\",\"@id\":\"https:\/\/asuntosestudiantiles.uc.cl\/en\/noticias\/leon-xiv-un-pontifice-del-dialogo-la-espiritualidad-y-la-modernidad\/\",\"url\":\"https:\/\/asuntosestudiantiles.uc.cl\/en\/noticias\/leon-xiv-un-pontifice-del-dialogo-la-espiritualidad-y-la-modernidad\/\",\"name\":\"Le\u00f3n XIV: Un pont\u00edfice del di\u00e1logo, la espiritualidad y la modernidad - Direcci\u00f3n de Asuntos Estudiantiles\",\"isPartOf\":{\"@id\":\"https:\/\/asuntosestudiantiles.uc.cl\/en\/#website\"},\"primaryImageOfPage\":{\"@id\":\"https:\/\/asuntosestudiantiles.uc.cl\/en\/noticias\/leon-xiv-un-pontifice-del-dialogo-la-espiritualidad-y-la-modernidad\/#primaryimage\"},\"image\":{\"@id\":\"https:\/\/asuntosestudiantiles.uc.cl\/en\/noticias\/leon-xiv-un-pontifice-del-dialogo-la-espiritualidad-y-la-modernidad\/#primaryimage\"},\"thumbnailUrl\":\"https:\/\/asuntosestudiantiles.uc.cl\/wp-content\/uploads\/2025\/05\/papa-Leon-XIV-foto-oficial.png\",\"datePublished\":\"2025-05-30T18:01:34+00:00\",\"dateModified\":\"2025-05-30T18:04:24+00:00\",\"description\":\"Bajo el nombre de Le\u00f3n XIV, Robert Prevost se convirti\u00f3 en el primer papa estadounidense, con una profunda conexi\u00f3n con Am\u00e9rica Latina\",\"breadcrumb\":{\"@id\":\"https:\/\/asuntosestudiantiles.uc.cl\/en\/noticias\/leon-xiv-un-pontifice-del-dialogo-la-espiritualidad-y-la-modernidad\/#breadcrumb\"},\"inLanguage\":\"en-US\",\"potentialAction\":[{\"@type\":\"ReadAction\",\"target\":[\"https:\/\/asuntosestudiantiles.uc.cl\/en\/noticias\/leon-xiv-un-pontifice-del-dialogo-la-espiritualidad-y-la-modernidad\/\"]}]},{\"@type\":\"ImageObject\",\"inLanguage\":\"en-US\",\"@id\":\"https:\/\/asuntosestudiantiles.uc.cl\/en\/noticias\/leon-xiv-un-pontifice-del-dialogo-la-espiritualidad-y-la-modernidad\/#primaryimage\",\"url\":\"https:\/\/asuntosestudiantiles.uc.cl\/wp-content\/uploads\/2025\/05\/papa-Leon-XIV-foto-oficial.png\",\"contentUrl\":\"https:\/\/asuntosestudiantiles.uc.cl\/wp-content\/uploads\/2025\/05\/papa-Leon-XIV-foto-oficial.png\",\"width\":545,\"height\":700},{\"@type\":\"BreadcrumbList\",\"@id\":\"https:\/\/asuntosestudiantiles.uc.cl\/en\/noticias\/leon-xiv-un-pontifice-del-dialogo-la-espiritualidad-y-la-modernidad\/#breadcrumb\",\"itemListElement\":[{\"@type\":\"ListItem\",\"position\":1,\"name\":\"Portada\",\"item\":\"https:\/\/asuntosestudiantiles.uc.cl\/en\/\"},{\"@type\":\"ListItem\",\"position\":2,\"name\":\"Noticias\",\"item\":\"https:\/\/asuntosestudiantiles.uc.cl\/en\/noticias\/\"},{\"@type\":\"ListItem\",\"position\":3,\"name\":\"Le\u00f3n XIV: Un pont\u00edfice del di\u00e1logo, la espiritualidad y la modernidad\"}]},{\"@type\":\"WebSite\",\"@id\":\"https:\/\/asuntosestudiantiles.uc.cl\/en\/#website\",\"url\":\"https:\/\/asuntosestudiantiles.uc.cl\/en\/\",\"name\":\"Direcci\u00f3n de Asuntos Estudiantiles\",\"description\":\"Vive la UC a trav\u00e9s del deporte, la salud, el bienestar y el desarrollo estudiantil\",\"potentialAction\":[{\"@type\":\"SearchAction\",\"target\":{\"@type\":\"EntryPoint\",\"urlTemplate\":\"https:\/\/asuntosestudiantiles.uc.cl\/en\/?s={search_term_string}\"},\"query-input\":{\"@type\":\"PropertyValueSpecification\",\"valueRequired\":true,\"valueName\":\"search_term_string\"}}],\"inLanguage\":\"en-US\"}]}<\/script>\n<!-- \/ Yoast SEO plugin. -->","yoast_head_json":{"title":"Le\u00f3n XIV: Un pont\u00edfice del di\u00e1logo, la espiritualidad y la modernidad - Direcci\u00f3n de Asuntos Estudiantiles","description":"Bajo el nombre de Le\u00f3n XIV, Robert Prevost se convirti\u00f3 en el primer papa estadounidense, con una profunda conexi\u00f3n con Am\u00e9rica Latina","robots":{"index":"index","follow":"follow","max-snippet":"max-snippet:-1","max-image-preview":"max-image-preview:large","max-video-preview":"max-video-preview:-1"},"canonical":"https:\/\/asuntosestudiantiles.uc.cl\/en\/noticias\/leon-xiv-un-pontifice-del-dialogo-la-espiritualidad-y-la-modernidad\/","og_locale":"en_US","og_type":"article","og_title":"Le\u00f3n XIV: Un pont\u00edfice del di\u00e1logo, la espiritualidad y la modernidad - Direcci\u00f3n de Asuntos Estudiantiles","og_description":"Bajo el nombre de Le\u00f3n XIV, Robert Prevost se convirti\u00f3 en el primer papa estadounidense, con una profunda conexi\u00f3n con Am\u00e9rica Latina","og_url":"https:\/\/asuntosestudiantiles.uc.cl\/en\/noticias\/leon-xiv-un-pontifice-del-dialogo-la-espiritualidad-y-la-modernidad\/","og_site_name":"Direcci\u00f3n de Asuntos Estudiantiles","article_modified_time":"2025-05-30T18:04:24+00:00","og_image":[{"width":545,"height":700,"url":"https:\/\/asuntosestudiantiles.uc.cl\/wp-content\/uploads\/2025\/05\/papa-Leon-XIV-foto-oficial.png","type":"image\/png"}],"twitter_card":"summary_large_image","twitter_misc":{"Est. reading time":"4 minutes"},"schema":{"@context":"https:\/\/schema.org","@graph":[{"@type":"WebPage","@id":"https:\/\/asuntosestudiantiles.uc.cl\/en\/noticias\/leon-xiv-un-pontifice-del-dialogo-la-espiritualidad-y-la-modernidad\/","url":"https:\/\/asuntosestudiantiles.uc.cl\/en\/noticias\/leon-xiv-un-pontifice-del-dialogo-la-espiritualidad-y-la-modernidad\/","name":"Le\u00f3n XIV: Un pont\u00edfice del di\u00e1logo, la espiritualidad y la modernidad - Direcci\u00f3n de Asuntos Estudiantiles","isPartOf":{"@id":"https:\/\/asuntosestudiantiles.uc.cl\/en\/#website"},"primaryImageOfPage":{"@id":"https:\/\/asuntosestudiantiles.uc.cl\/en\/noticias\/leon-xiv-un-pontifice-del-dialogo-la-espiritualidad-y-la-modernidad\/#primaryimage"},"image":{"@id":"https:\/\/asuntosestudiantiles.uc.cl\/en\/noticias\/leon-xiv-un-pontifice-del-dialogo-la-espiritualidad-y-la-modernidad\/#primaryimage"},"thumbnailUrl":"https:\/\/asuntosestudiantiles.uc.cl\/wp-content\/uploads\/2025\/05\/papa-Leon-XIV-foto-oficial.png","datePublished":"2025-05-30T18:01:34+00:00","dateModified":"2025-05-30T18:04:24+00:00","description":"Bajo el nombre de Le\u00f3n XIV, Robert Prevost se convirti\u00f3 en el primer papa estadounidense, con una profunda conexi\u00f3n con Am\u00e9rica Latina","breadcrumb":{"@id":"https:\/\/asuntosestudiantiles.uc.cl\/en\/noticias\/leon-xiv-un-pontifice-del-dialogo-la-espiritualidad-y-la-modernidad\/#breadcrumb"},"inLanguage":"en-US","potentialAction":[{"@type":"ReadAction","target":["https:\/\/asuntosestudiantiles.uc.cl\/en\/noticias\/leon-xiv-un-pontifice-del-dialogo-la-espiritualidad-y-la-modernidad\/"]}]},{"@type":"ImageObject","inLanguage":"en-US","@id":"https:\/\/asuntosestudiantiles.uc.cl\/en\/noticias\/leon-xiv-un-pontifice-del-dialogo-la-espiritualidad-y-la-modernidad\/#primaryimage","url":"https:\/\/asuntosestudiantiles.uc.cl\/wp-content\/uploads\/2025\/05\/papa-Leon-XIV-foto-oficial.png","contentUrl":"https:\/\/asuntosestudiantiles.uc.cl\/wp-content\/uploads\/2025\/05\/papa-Leon-XIV-foto-oficial.png","width":545,"height":700},{"@type":"BreadcrumbList","@id":"https:\/\/asuntosestudiantiles.uc.cl\/en\/noticias\/leon-xiv-un-pontifice-del-dialogo-la-espiritualidad-y-la-modernidad\/#breadcrumb","itemListElement":[{"@type":"ListItem","position":1,"name":"Portada","item":"https:\/\/asuntosestudiantiles.uc.cl\/en\/"},{"@type":"ListItem","position":2,"name":"Noticias","item":"https:\/\/asuntosestudiantiles.uc.cl\/en\/noticias\/"},{"@type":"ListItem","position":3,"name":"Le\u00f3n XIV: Un pont\u00edfice del di\u00e1logo, la espiritualidad y la modernidad"}]},{"@type":"WebSite","@id":"https:\/\/asuntosestudiantiles.uc.cl\/en\/#website","url":"https:\/\/asuntosestudiantiles.uc.cl\/en\/","name":"Direcci\u00f3n de Asuntos Estudiantiles","description":"Vive la UC a trav\u00e9s del deporte, la salud, el bienestar y el desarrollo estudiantil","potentialAction":[{"@type":"SearchAction","target":{"@type":"EntryPoint","urlTemplate":"https:\/\/asuntosestudiantiles.uc.cl\/en\/?s={search_term_string}"},"query-input":{"@type":"PropertyValueSpecification","valueRequired":true,"valueName":"search_term_string"}}],"inLanguage":"en-US"}]}},"_links":{"self":[{"href":"https:\/\/asuntosestudiantiles.uc.cl\/en\/wp-json\/wp\/v2\/noticias\/9765","targetHints":{"allow":["GET"]}}],"collection":[{"href":"https:\/\/asuntosestudiantiles.uc.cl\/en\/wp-json\/wp\/v2\/noticias"}],"about":[{"href":"https:\/\/asuntosestudiantiles.uc.cl\/en\/wp-json\/wp\/v2\/types\/noticias"}],"author":[{"embeddable":true,"href":"https:\/\/asuntosestudiantiles.uc.cl\/en\/wp-json\/wp\/v2\/users\/9"}],"replies":[{"embeddable":true,"href":"https:\/\/asuntosestudiantiles.uc.cl\/en\/wp-json\/wp\/v2\/comments?post=9765"}],"version-history":[{"count":1,"href":"https:\/\/asuntosestudiantiles.uc.cl\/en\/wp-json\/wp\/v2\/noticias\/9765\/revisions"}],"predecessor-version":[{"id":9779,"href":"https:\/\/asuntosestudiantiles.uc.cl\/en\/wp-json\/wp\/v2\/noticias\/9765\/revisions\/9779"}],"wp:featuredmedia":[{"embeddable":true,"href":"https:\/\/asuntosestudiantiles.uc.cl\/en\/wp-json\/wp\/v2\/media\/9775"}],"wp:attachment":[{"href":"https:\/\/asuntosestudiantiles.uc.cl\/en\/wp-json\/wp\/v2\/media?parent=9765"}],"wp:term":[{"taxonomy":"temas","embeddable":true,"href":"https:\/\/asuntosestudiantiles.uc.cl\/en\/wp-json\/wp\/v2\/temas?post=9765"}],"curies":[{"name":"wp","href":"https:\/\/api.w.org\/{rel}","templated":true}]}}